{"id":79621,"date":"2026-09-04T18:39:10","date_gmt":"2026-09-04T16:39:10","guid":{"rendered":"https:\/\/www.keturist.sk\/info\/?p=79621"},"modified":"2026-09-04T18:40:11","modified_gmt":"2026-09-04T16:40:11","slug":"na-turu-s-reginou","status":"publish","type":"post","link":"https:\/\/www.keturist.sk\/info\/na-turu-s-reginou\/","title":{"rendered":"NA T\u00daRU S REGINOU"},"content":{"rendered":"<h2 data-path-to-node=\"0\"><span style=\"color: #800000;\">Na t\u00faru s Reginou: H\u013ead\u00e1te dokonal\u00fd jesenn\u00fd turistick\u00fd z\u00e1\u017eitok na v\u00fdchodnom Slovensku?<\/span><\/h2>\n<p data-path-to-node=\"1\"><b data-path-to-node=\"1\" data-index-in-node=\"0\">Na t\u00faru s Reginou<\/b> je jedine\u010dn\u00e9 jesenn\u00e9 turistick\u00e9 podujatie z ob\u013e\u00faben\u00e9ho cyklu, na ktor\u00e9 R\u00e1dio Regina V\u00fdchod srde\u010dne zve v\u0161etk\u00fdch milovn\u00edkov pr\u00edrody, turistiky a \u010derstv\u00e9ho vzduchu, pri\u010dom t\u00e1to skvel\u00e1 akcia sa uskuto\u010dn\u00ed v sobotu 12. septembra 2026.<\/p>\n<p data-path-to-node=\"1\">\u010eal\u0161ia ikonick\u00e1 <b data-path-to-node=\"1\" data-index-in-node=\"264\">priechodn\u00e1 t\u00fara<\/b> povedie z obce Hrabkov smerom do Kluknavy.<\/p>\n<h2 data-path-to-node=\"2\"><span style=\"color: #800000;\">Pre koho je pripraven\u00e1 t\u00fara a ak\u00e9 parametre m\u00e1 jej trasa?<\/span><\/h2>\n<p data-path-to-node=\"3\">Pre v\u0161etk\u00fdch nad\u0161encov je pripraven\u00e1 stredne n\u00e1ro\u010dn\u00e1, no o to pestrej\u0161ia <b data-path-to-node=\"3\" data-index-in-node=\"73\">turistick\u00e1 trasa<\/b>, ktor\u00e1 meria presne 13,7 kilometra, pri\u010dom jej celkov\u00e9 st\u00fapanie dosahuje 638 metrov a klesanie 744 metrov.<\/p>\n<h2 data-path-to-node=\"4\"><span style=\"color: #800000;\">Ak\u00e9 pr\u00edrodn\u00e9 \u00fakazy a atrakcie na trase nav\u0161t\u00edvite?<\/span><\/h2>\n<p data-path-to-node=\"5\">\u00da\u010dastn\u00edci sa po\u010das <b data-path-to-node=\"5\" data-index-in-node=\"19\">pe\u0161ej turistiky<\/b> m\u00f4\u017eu te\u0161i\u0165 na mimoriadne zauj\u00edmav\u00e9 pr\u00edrodn\u00e9 z\u00e1kutia a dychber\u00face vyhliadkov\u00e9 body, ke\u010f\u017ee cel\u00e1 trasa pon\u00fakne viacero atrakt\u00edvnych zast\u00e1vok.<\/p>\n<p data-path-to-node=\"5\">Spolo\u010dne s ostatn\u00fdmi <b data-path-to-node=\"5\" data-index-in-node=\"195\">turistami<\/b> nav\u0161t\u00edvia tajomn\u00fa Rozsypan\u00fa skalu, fascinuj\u00face <b data-path-to-node=\"5\" data-index-in-node=\"252\">skaln\u00e9 mesto Ko\u013evek<\/b> a modern\u00fa <b data-path-to-node=\"5\" data-index-in-node=\"282\">rozh\u013ead\u0148u Green point<\/b>, z ktorej sa n\u00e1v\u0161tevn\u00edkom pon\u00fakaj\u00fa n\u00e1dhern\u00e9 panoramatick\u00e9 v\u00fdh\u013eady na okolit\u00fa krajinu.<\/p>\n<p data-path-to-node=\"5\">Cel\u00e1 <b data-path-to-node=\"5\" data-index-in-node=\"395\">turistick\u00e1 akcia<\/b> bude \u00faspe\u0161ne zakon\u010den\u00e1 v r\u00e1zovitej obci Kluknava.<\/p>\n<h2 data-path-to-node=\"6\"><span style=\"color: #800000;\">Kde a kedy sa kon\u00e1 spolo\u010dn\u00fd zraz a ako sa tam doprav\u00edte?<\/span><\/h2>\n<p data-path-to-node=\"7\">Spolo\u010dn\u00fd zraz v\u0161etk\u00fdch priaznivcov <b data-path-to-node=\"7\" data-index-in-node=\"35\">pobytu v pr\u00edrode<\/b> je napl\u00e1novan\u00fd presne na 8:10 hod. na autobusovej zast\u00e1vke v obci Hrabkov.<\/p>\n<p data-path-to-node=\"7\">Do Hrabkova sa d\u00e1 pohodlne cestova\u0165 autobusom z Ko\u0161\u00edc o 7.00 h s pr\u00edchodom do Pre\u0161ova o 7.30 h, odkia\u013e po r\u00fdchlom prestupe pokra\u010duje autobus o 7.35 h priamo do Hrabkova, kam pr\u00edde presne o 8.09 h.<\/p>\n<p data-path-to-node=\"7\">Pre cestu sp\u00e4\u0165 je k dispoz\u00edcii osobn\u00fd vlak z Richnavy, ktor\u00fd odch\u00e1dza o 15.50 h a do Ko\u0161\u00edc doraz\u00ed o 16.35 h.<\/p>\n<h2 data-path-to-node=\"8\"><span style=\"color: #800000;\">\u010co si treba zabali\u0165 na toto turistick\u00e9 podujatie?<\/span><\/h2>\n<p data-path-to-node=\"9\">S rozhodnut\u00edm nev\u00e1hajte, zaba\u013ete si dobr\u00fa n\u00e1ladu, pohodln\u00fa <b data-path-to-node=\"9\" data-index-in-node=\"59\">turistick\u00fa obuv<\/b> a po\u010fte si naplno u\u017e\u00edva\u0165 nezabudnute\u013en\u00fd de\u0148 bez starost\u00ed \u2014 kde budete len vy, nedotknut\u00e1 pr\u00edroda a R\u00e1dio Regina!<\/p>\n<h2 data-path-to-node=\"10\"><span style=\"color: #800000;\">Pre\u010do sa oplat\u00ed absolvova\u0165 t\u00fato trasa s R\u00e1diom Regina V\u00fdchod?<\/span><\/h2>\n<p data-path-to-node=\"11\"><em>Tento <b data-path-to-node=\"11\" data-index-in-node=\"6\">turistick\u00fd v\u00fdlet<\/b> predstavuje ide\u00e1lne spojenie akt\u00edvneho oddychu, spozn\u00e1vania skryt\u00fdch gemov v\u00fdchodn\u00e9ho Slovenska a jedine\u010dnej komunitnej atmosf\u00e9ry. Spojenie pr\u00edrodn\u00fdch \u00fakazov ako <b data-path-to-node=\"11\" data-index-in-node=\"185\">skaln\u00e9 mesto<\/b> s modernou architekt\u00farou <b data-path-to-node=\"11\" data-index-in-node=\"223\">rozh\u013eadne Green point<\/b> pon\u00faka nezabudnute\u013en\u00fd vizu\u00e1lny aj fyzick\u00fd z\u00e1\u017eitok pre ka\u017ed\u00e9ho \u00fa\u010dastn\u00edka. Organizovan\u00e1 skupinov\u00e1 <b data-path-to-node=\"11\" data-index-in-node=\"341\">turistika na v\u00fdchodnom Slovensku<\/b> v\u00e1m naviac zaru\u010duje bezpe\u010dnos\u0165 na trase a bezstarostn\u00e9 dopravn\u00e9 spojenie pre v\u0161etk\u00fdch \u00fa\u010dastn\u00edkov z cel\u00e9ho regi\u00f3nu. Profesion\u00e1lne z\u00e1zemie rozhlasov\u00e9ho t\u00edmu dod\u00e1va celej akcii neopakovate\u013en\u00fd \u0161mrnc a energiu. Vyrazte za dobrodru\u017estvom, do\u010derpajte energiu z pr\u00edrody a vytvorte si spomienky, ktor\u00e9 vo v\u00e1s bud\u00fa rezonova\u0165 e\u0161te ve\u013emi dlho!<\/em><\/p>\n<hr \/>\n<p data-path-to-node=\"11\"><a href=\"https:\/\/www.keturist.sk\/info\/wp-content\/uploads\/2026\/09\/regina.jpg\" data-src=\"https:\/\/www.keturist.sk\/info\/wp-content\/uploads\/2026\/09\/regina.jpg\" data-thumb=\"https:\/\/www.keturist.sk\/info\/wp-content\/uploads\/2026\/09\/regina.jpg\" class=\"ml-lightbox-enabled\"><img loading=\"lazy\" decoding=\"async\" class=\"aligncenter wp-image-79623\" src=\"https:\/\/www.keturist.sk\/info\/wp-content\/uploads\/2026\/09\/regina.jpg\" alt=\"NA T\u00daRU S REGINOU\" width=\"900\" height=\"900\" srcset=\"https:\/\/www.keturist.sk\/info\/wp-content\/uploads\/2026\/09\/regina.jpg 526w, https:\/\/www.keturist.sk\/info\/wp-content\/uploads\/2026\/09\/regina-180x180.jpg 180w\" sizes=\"auto, (max-width: 900px) 100vw, 900px\" \/><\/a><\/p>\n","protected":false},"excerpt":{"rendered":"<p>Na t\u00faru s Reginou: H\u013ead\u00e1te dokonal\u00fd jesenn\u00fd turistick\u00fd z\u00e1\u017eitok na v\u00fdchodnom Slovensku? Na t\u00faru s Reginou je jedine\u010dn\u00e9 jesenn\u00e9 turistick\u00e9 podujatie z ob\u013e\u00faben\u00e9ho cyklu, na ktor\u00e9 R\u00e1dio Regina V\u00fdchod srde\u010dne [&hellip;]<\/p>\n","protected":false},"author":1,"featured_media":79623,"comment_status":"closed","ping_status":"closed","sticky":false,"template":"","format":"standard","meta":{"_uag_custom_page_level_css":"","_monsterinsights_skip_tracking":false,"footnotes":""},"categories":[1,805,672],"tags":[],"class_list":["post-79621","post","type-post","status-publish","format-standard","has-post-thumbnail","hentry","category-aktuality","category-cierna-hora","category-vylety-turistika"],"featured_image_src":"https:\/\/www.keturist.sk\/info\/wp-content\/uploads\/2026\/09\/regina.jpg","featured_image_src_square":"https:\/\/www.keturist.sk\/info\/wp-content\/uploads\/2026\/09\/regina.jpg","author_info":{"display_name":"admin","author_link":"https:\/\/www.keturist.sk\/info\/author\/admin\/"},"rbea_author_info":{"display_name":"admin","author_link":"https:\/\/www.keturist.sk\/info\/author\/admin\/"},"rbea_excerpt_info":"Na t\u00faru s Reginou: H\u013ead\u00e1te dokonal\u00fd jesenn\u00fd turistick\u00fd z\u00e1\u017eitok na v\u00fdchodnom Slovensku? Na t\u00faru s Reginou je jedine\u010dn\u00e9 jesenn\u00e9 turistick\u00e9 podujatie z ob\u013e\u00faben\u00e9ho cyklu, na ktor\u00e9 R\u00e1dio Regina V\u00fdchod srde\u010dne [&hellip;]","category_list":"<a href=\"https:\/\/www.keturist.sk\/info\/category\/aktuality\/\" rel=\"category tag\">01 Aktuality (v\u0161etky)<\/a>, <a href=\"https:\/\/www.keturist.sk\/info\/category\/regiony\/cierna-hora\/\" rel=\"category tag\">\u010cierna hora<\/a>, <a href=\"https:\/\/www.keturist.sk\/info\/category\/vylety-turistika\/\" rel=\"category tag\">V\u00fdlety - turistika<\/a>","comments_num":"0 comments","uagb_featured_image_src":{"full":["https:\/\/www.keturist.sk\/info\/wp-content\/uploads\/2026\/09\/regina.jpg",526,526,false],"thumbnail":["https:\/\/www.keturist.sk\/info\/wp-content\/uploads\/2026\/09\/regina-180x180.jpg",180,180,true],"medium":["https:\/\/www.keturist.sk\/info\/wp-content\/uploads\/2026\/09\/regina.jpg",526,526,false],"medium_large":["https:\/\/www.keturist.sk\/info\/wp-content\/uploads\/2026\/09\/regina.jpg",526,526,false],"large":["https:\/\/www.keturist.sk\/info\/wp-content\/uploads\/2026\/09\/regina.jpg",526,526,false],"1536x1536":["https:\/\/www.keturist.sk\/info\/wp-content\/uploads\/2026\/09\/regina.jpg",526,526,false],"2048x2048":["https:\/\/www.keturist.sk\/info\/wp-content\/uploads\/2026\/09\/regina.jpg",526,526,false],"ultp_layout_landscape_large":["https:\/\/www.keturist.sk\/info\/wp-content\/uploads\/2026\/09\/regina.jpg",526,526,false],"ultp_layout_landscape":["https:\/\/www.keturist.sk\/info\/wp-content\/uploads\/2026\/09\/regina.jpg",526,526,false],"ultp_layout_portrait":["https:\/\/www.keturist.sk\/info\/wp-content\/uploads\/2026\/09\/regina.jpg",526,526,false],"ultp_layout_square":["https:\/\/www.keturist.sk\/info\/wp-content\/uploads\/2026\/09\/regina.jpg",526,526,false]},"uagb_author_info":{"display_name":"admin","author_link":"https:\/\/www.keturist.sk\/info\/author\/admin\/"},"uagb_comment_info":0,"uagb_excerpt":"Na t\u00faru s Reginou: H\u013ead\u00e1te dokonal\u00fd jesenn\u00fd turistick\u00fd z\u00e1\u017eitok na v\u00fdchodnom Slovensku? Na t\u00faru s Reginou je jedine\u010dn\u00e9 jesenn\u00e9 turistick\u00e9 podujatie z ob\u013e\u00faben\u00e9ho cyklu, na ktor\u00e9 R\u00e1dio Regina V\u00fdchod srde\u010dne [&hellip;]","jetpack_featured_media_url":"https:\/\/www.keturist.sk\/info\/wp-content\/uploads\/2026\/09\/regina.jpg","_links":{"self":[{"href":"https:\/\/www.keturist.sk\/info\/wp-json\/wp\/v2\/posts\/79621","targetHints":{"allow":["GET"]}}],"collection":[{"href":"https:\/\/www.keturist.sk\/info\/wp-json\/wp\/v2\/posts"}],"about":[{"href":"https:\/\/www.keturist.sk\/info\/wp-json\/wp\/v2\/types\/post"}],"author":[{"embeddable":true,"href":"https:\/\/www.keturist.sk\/info\/wp-json\/wp\/v2\/users\/1"}],"replies":[{"embeddable":true,"href":"https:\/\/www.keturist.sk\/info\/wp-json\/wp\/v2\/comments?post=79621"}],"version-history":[{"count":1,"href":"https:\/\/www.keturist.sk\/info\/wp-json\/wp\/v2\/posts\/79621\/revisions"}],"predecessor-version":[{"id":79624,"href":"https:\/\/www.keturist.sk\/info\/wp-json\/wp\/v2\/posts\/79621\/revisions\/79624"}],"wp:featuredmedia":[{"embeddable":true,"href":"https:\/\/www.keturist.sk\/info\/wp-json\/wp\/v2\/media\/79623"}],"wp:attachment":[{"href":"https:\/\/www.keturist.sk\/info\/wp-json\/wp\/v2\/media?parent=79621"}],"wp:term":[{"taxonomy":"category","embeddable":true,"href":"https:\/\/www.keturist.sk\/info\/wp-json\/wp\/v2\/categories?post=79621"},{"taxonomy":"post_tag","embeddable":true,"href":"https:\/\/www.keturist.sk\/info\/wp-json\/wp\/v2\/tags?post=79621"}],"curies":[{"name":"wp","href":"https:\/\/api.w.org\/{rel}","templated":true}]}}