{"id":79580,"date":"2026-09-03T17:53:25","date_gmt":"2026-09-03T15:53:25","guid":{"rendered":"https:\/\/www.keturist.sk\/info\/?p=79580"},"modified":"2026-09-03T17:53:27","modified_gmt":"2026-09-03T15:53:27","slug":"den-otvorenych-dveri-na-zastavke-gelnica-mesto","status":"publish","type":"post","link":"https:\/\/www.keturist.sk\/info\/den-otvorenych-dveri-na-zastavke-gelnica-mesto\/","title":{"rendered":"De\u0148 otvoren\u00fdch dver\u00ed na zast\u00e1vke GELNICA MESTO"},"content":{"rendered":"<h2 data-path-to-node=\"2\"><span style=\"color: #800000;\">Pre\u010do by ste si nemali necha\u0165 ujs\u0165 unik\u00e1tny De\u0148 otvoren\u00fdch dver\u00ed na zast\u00e1vke GELNICA MESTO pri pr\u00edle\u017eitosti 90. v\u00fdro\u010dia trate?<\/span><\/h2>\n<p data-path-to-node=\"3\"><b data-path-to-node=\"3\" data-index-in-node=\"0\">Chcete za\u017ei\u0165 neopakovate\u013en\u00fd n\u00e1vrat v \u010dase a vst\u00fapi\u0165 do miest, kam sa be\u017en\u00fd smrte\u013en\u00edk u\u017e roky nedostane?<\/b> V\u00fdnimo\u010dn\u00e1 udalos\u0165 <b data-path-to-node=\"3\" data-index-in-node=\"122\">De\u0148 otvoren\u00fdch dver\u00ed na zast\u00e1vke GELNICA MESTO<\/b> v\u00e1m otv\u00e1ra svoje br\u00e1ny pri pr\u00edle\u017eitosti osl\u00e1v <b data-path-to-node=\"3\" data-index-in-node=\"215\">90. v\u00fdro\u010dia trate<\/b>.<\/p>\n<p data-path-to-node=\"3\">Pr\u00ed\u010fte s nami osl\u00e1vi\u0165 <b data-path-to-node=\"3\" data-index-in-node=\"256\">90. v\u00fdro\u010die trate<\/b> a za\u017eite <b data-path-to-node=\"3\" data-index-in-node=\"283\">k\u00fasok hist\u00f3rie na vlastn\u00e9 o\u010di<\/b>!<\/p>\n<p data-path-to-node=\"3\">Pri tejto <b data-path-to-node=\"3\" data-index-in-node=\"324\">\u0161peci\u00e1lnej pr\u00edle\u017eitosti<\/b> sa otvoria <b data-path-to-node=\"3\" data-index-in-node=\"359\">dvere \u010dak\u00e1rne<\/b>, ktor\u00e9 s\u00fa u\u017e nieko\u013eko rokov zatvoren\u00e9.<\/p>\n<p data-path-to-node=\"3\">Otvor\u00edme ich pre <b data-path-to-node=\"3\" data-index-in-node=\"429\">verejnos\u0165<\/b> \u2013 aspo\u0148 na tento jeden jedin\u00fd de\u0148.<\/p>\n<h2 data-path-to-node=\"4\"><span style=\"color: #800000;\">Kedy a kde sa kon\u00e1 De\u0148 otvoren\u00fdch dver\u00ed na zast\u00e1vke GELNICA MESTO?<\/span><\/h2>\n<p data-path-to-node=\"5\">V\u0161etky podstatn\u00e9 inform\u00e1cie o mieste a \u010dase konania tejto <b data-path-to-node=\"5\" data-index-in-node=\"58\">historickej udalosti v Hnileckej doline<\/b> n\u00e1jdete v nasleduj\u00facom preh\u013eade:<\/p>\n<h3 data-path-to-node=\"6\"><span style=\"color: #808000;\">Kedy sa podujatie uskuto\u010dn\u00ed?<\/span><\/h3>\n<p data-path-to-node=\"7\">Podujatie sa kon\u00e1 v term\u00edne: <b data-path-to-node=\"7\" data-index-in-node=\"29\">Sobota 5. 9. 2026<\/b>.<\/p>\n<h3 data-path-to-node=\"8\"><span style=\"color: #808000;\">V akom \u010dase bude otvoren\u00e1 historick\u00e1 \u010dak\u00e1re\u0148?<\/span><\/h3>\n<p data-path-to-node=\"9\">Vyhraden\u00fd \u010das pre n\u00e1v\u0161tevn\u00edkov je: <b data-path-to-node=\"9\" data-index-in-node=\"35\">10:00 \u2013 16:00 hod.<\/b><\/p>\n<h3 data-path-to-node=\"10\"><span style=\"color: #808000;\">Kde presne sa akcia kon\u00e1?<\/span><\/h3>\n<p data-path-to-node=\"11\">Miestom konania je <b data-path-to-node=\"11\" data-index-in-node=\"19\">\u017delezni\u010dn\u00e1 zast\u00e1vka GELNICA MESTO<\/b>.<\/p>\n<h2 data-path-to-node=\"12\"><span style=\"color: #800000;\">Na \u010do sa m\u00f4\u017eete te\u0161i\u0165 po\u010das D\u0148a otvoren\u00fdch dver\u00ed na zast\u00e1vke GELNICA MESTO?<\/span><\/h2>\n<p data-path-to-node=\"13\">N\u00e1v\u0161tevn\u00edci sa m\u00f4\u017eu te\u0161i\u0165 na bohat\u00fd <b data-path-to-node=\"13\" data-index-in-node=\"36\">sprievodn\u00fd program<\/b>, ktor\u00fd o\u017eiv\u00ed <b data-path-to-node=\"13\" data-index-in-node=\"68\">\u017eelezni\u010dn\u00fa hist\u00f3riu<\/b>:<\/p>\n<h3 data-path-to-node=\"14\"><span style=\"color: #808000;\">Ako v\u00e1s o\u010dar\u00ed hist\u00f3ria na dosah?<\/span><\/h3>\n<p data-path-to-node=\"15\">Pripravili sme pre v\u00e1s <b data-path-to-node=\"15\" data-index-in-node=\"23\">infopanely pln\u00e9 zauj\u00edmavost\u00ed<\/b> o <b data-path-to-node=\"15\" data-index-in-node=\"54\">hist\u00f3rii zast\u00e1vky<\/b> aj o <b data-path-to-node=\"15\" data-index-in-node=\"77\">p\u00f4vodnej trati<\/b>.<\/p>\n<h3 data-path-to-node=\"16\"><span style=\"color: #808000;\">Ktor\u00ed \u0161peci\u00e1lni hostia zav\u00edtaj\u00fa na \u017eelezni\u010dn\u00fa zast\u00e1vku?<\/span><\/h3>\n<p data-path-to-node=\"17\">Spolu s nami tu n\u00e1jdete aj <b data-path-to-node=\"17\" data-index-in-node=\"27\">priate\u013eov z OZ Zapadnut\u00fd K\u00daT<\/b>, <b data-path-to-node=\"17\" data-index-in-node=\"57\">&#8222;\u0160trek\u00e1ra na cest\u00e1ch&#8220;<\/b> a dokonca aj <b data-path-to-node=\"17\" data-index-in-node=\"92\">pani pokladn\u00ed\u010dku<\/b>, ktor\u00e1 tu v minulosti pred\u00e1vala <b data-path-to-node=\"17\" data-index-in-node=\"141\">l\u00edstky na vlak<\/b>!<\/p>\n<h3 data-path-to-node=\"18\"><span style=\"color: #808000;\">Kedy prem\u00e1va nostalgick\u00fd motorov\u00fd vlak na trase Margecany \u2013 Gelnica mesto?<\/span><\/h3>\n<p data-path-to-node=\"19\">Na trase <b data-path-to-node=\"19\" data-index-in-node=\"9\">MARGECANY &#8211; GELNICA MESTO<\/b> bude v tento de\u0148 prem\u00e1va\u0165 <b data-path-to-node=\"19\" data-index-in-node=\"61\">mimoriadny nostalgick\u00fd motorov\u00fd vl\u00e1\u010dik<\/b> (p\u00f4jde celkovo 2x)!<\/p>\n<h3 data-path-to-node=\"20\"><span style=\"color: #808000;\">Kde n\u00e1jdete bli\u017e\u0161ie inform\u00e1cie a cestovn\u00fd poriadok?<\/span><\/h3>\n<p data-path-to-node=\"21\">Bli\u017e\u0161ie inform\u00e1cie a <b data-path-to-node=\"21\" data-index-in-node=\"21\">cestovn\u00fd poriadok nostalgick\u00e9ho vlaku<\/b> n\u00e1jdete na ofici\u00e1lnej str\u00e1nke: <a class=\"ng-star-inserted\" href=\"https:\/\/www.hnileckastreka.sk\/90-vyrocie\/\" target=\"_blank\" rel=\"noopener\" data-hveid=\"0\" data-ved=\"0CAAQ_4QMahgKEwjskc3E3tKWAxUAAAAAHQAAAAAQ4QE\">https:\/\/www.hnileckastreka.sk\/90-vyrocie\/<\/a><\/p>\n<h2 data-path-to-node=\"22\"><span style=\"color: #800000;\">Pre\u010do je t\u00e1to n\u00e1v\u0161teva neopakovate\u013en\u00fdm z\u00e1\u017eitkom pre cel\u00fa rodinu?<\/span><\/h2>\n<p data-path-to-node=\"23\">Nezme\u0161kajte t\u00fato <b data-path-to-node=\"23\" data-index-in-node=\"17\">jedine\u010dn\u00fa pr\u00edle\u017eitos\u0165<\/b> a nazrite do priestorov, ktor\u00e9 <b data-path-to-node=\"23\" data-index-in-node=\"70\">be\u017ene zost\u00e1vaj\u00fa skryt\u00e9<\/b>. Te\u0161\u00edme sa na v\u00e1s!<\/p>\n<h2 data-path-to-node=\"24\"><span style=\"color: #800000;\">Nezabudnute\u013en\u00fd nostalgick\u00fd z\u00e1\u017eitok, ktor\u00fd odomkne tajomstv\u00e1 \u017eelezni\u010dnej hist\u00f3rie Gelnice<\/span><\/h2>\n<p data-path-to-node=\"25\"><em>N\u00e1v\u0161teva tohto jedine\u010dn\u00e9ho podujatia predstavuje neopakovate\u013en\u00fa mo\u017enos\u0165 prepoji\u0165 pozn\u00e1vanie <b data-path-to-node=\"25\" data-index-in-node=\"92\">region\u00e1lnej hist\u00f3rie<\/b> so \u017eivou <b data-path-to-node=\"25\" data-index-in-node=\"122\">nostalgickou atmosf\u00e9rou<\/b>. Objavovanie <b data-path-to-node=\"25\" data-index-in-node=\"159\">skryt\u00fdch priestorov<\/b> starej \u010dak\u00e1rne a osobn\u00e9 stretnutia s pam\u00e4tn\u00edkmi obohatia v\u00e1\u0161 vizu\u00e1lny aj vedomostn\u00fd obzor. Pre deti aj dospel\u00fdch je <b data-path-to-node=\"25\" data-index-in-node=\"295\">jazda historick\u00fdm motorov\u00fdm vlakom<\/b> autentick\u00fdm z\u00e1\u017eitkom, ktor\u00fd v\u00e1s okam\u017eite prenesie do <b data-path-to-node=\"25\" data-index-in-node=\"383\">zlatej \u00e9ry \u017eelezn\u00edc<\/b>. Tento v\u00fdlet v srdci <b data-path-to-node=\"25\" data-index-in-node=\"424\">Hnileckej doliny<\/b> pon\u00faka ide\u00e1lnu kombin\u00e1ciu kult\u00fary, technickej pamiatky a pr\u00edjemne str\u00e1ven\u00e9ho v\u00edkendov\u00e9ho d\u0148a. Podujatie prin\u00e1\u0161a nenahradite\u013en\u00fa pridan\u00fa hodnotu pre v\u0161etk\u00fdch milovn\u00edkov <b data-path-to-node=\"25\" data-index-in-node=\"608\">turistiky, \u017eelezn\u00edc a miestnych trad\u00edci\u00ed<\/b>.<\/em><\/p>\n<hr \/>\n<p data-path-to-node=\"25\"><a href=\"https:\/\/www.keturist.sk\/info\/wp-content\/uploads\/2026\/09\/motoracik.jpg\" data-src=\"https:\/\/www.keturist.sk\/info\/wp-content\/uploads\/2026\/09\/motoracik.jpg\" data-thumb=\"https:\/\/www.keturist.sk\/info\/wp-content\/uploads\/2026\/09\/motoracik-800x465.jpg\" class=\"ml-lightbox-enabled\"><img loading=\"lazy\" decoding=\"async\" class=\"aligncenter wp-image-79582\" src=\"https:\/\/www.keturist.sk\/info\/wp-content\/uploads\/2026\/09\/motoracik-800x465.jpg\" alt=\"De\u0148 otvoren\u00fdch dver\u00ed na zast\u00e1vke GELNICA MESTO\" width=\"900\" height=\"523\" srcset=\"https:\/\/www.keturist.sk\/info\/wp-content\/uploads\/2026\/09\/motoracik-800x465.jpg 800w, https:\/\/www.keturist.sk\/info\/wp-content\/uploads\/2026\/09\/motoracik-270x157.jpg 270w, https:\/\/www.keturist.sk\/info\/wp-content\/uploads\/2026\/09\/motoracik-768x446.jpg 768w, https:\/\/www.keturist.sk\/info\/wp-content\/uploads\/2026\/09\/motoracik.jpg 1220w\" sizes=\"auto, (max-width: 900px) 100vw, 900px\" \/><\/a><\/p>\n","protected":false},"excerpt":{"rendered":"<p>Pre\u010do by ste si nemali necha\u0165 ujs\u0165 unik\u00e1tny De\u0148 otvoren\u00fdch dver\u00ed na zast\u00e1vke GELNICA MESTO pri pr\u00edle\u017eitosti 90. v\u00fdro\u010dia trate? Chcete za\u017ei\u0165 neopakovate\u013en\u00fd n\u00e1vrat v \u010dase a vst\u00fapi\u0165 do miest, [&hellip;]<\/p>\n","protected":false},"author":1,"featured_media":79582,"comment_status":"closed","ping_status":"closed","sticky":false,"template":"","format":"standard","meta":{"_uag_custom_page_level_css":"","_monsterinsights_skip_tracking":false,"footnotes":""},"categories":[1,695,682,680,699],"tags":[],"class_list":["post-79580","post","type-post","status-publish","format-standard","has-post-thumbnail","hentry","category-aktuality","category-detska-zeleznica","category-podujatia","category-spis","category-volovske-vrchy"],"featured_image_src":"https:\/\/www.keturist.sk\/info\/wp-content\/uploads\/2026\/09\/motoracik.jpg","featured_image_src_square":"https:\/\/www.keturist.sk\/info\/wp-content\/uploads\/2026\/09\/motoracik.jpg","author_info":{"display_name":"admin","author_link":"https:\/\/www.keturist.sk\/info\/author\/admin\/"},"rbea_author_info":{"display_name":"admin","author_link":"https:\/\/www.keturist.sk\/info\/author\/admin\/"},"rbea_excerpt_info":"Pre\u010do by ste si nemali necha\u0165 ujs\u0165 unik\u00e1tny De\u0148 otvoren\u00fdch dver\u00ed na zast\u00e1vke GELNICA MESTO pri pr\u00edle\u017eitosti 90. v\u00fdro\u010dia trate? Chcete za\u017ei\u0165 neopakovate\u013en\u00fd n\u00e1vrat v \u010dase a vst\u00fapi\u0165 do miest, [&hellip;]","category_list":"<a href=\"https:\/\/www.keturist.sk\/info\/category\/aktuality\/\" rel=\"category tag\">01 Aktuality (v\u0161etky)<\/a>, <a href=\"https:\/\/www.keturist.sk\/info\/category\/detska-zeleznica\/\" rel=\"category tag\">Detsk\u00e1 \u017eeleznica a \u017dSSK<\/a>, <a href=\"https:\/\/www.keturist.sk\/info\/category\/podujatia\/\" rel=\"category tag\">Kult\u00farne podujatia<\/a>, <a href=\"https:\/\/www.keturist.sk\/info\/category\/regiony\/spis\/\" rel=\"category tag\">Spi\u0161<\/a>, <a href=\"https:\/\/www.keturist.sk\/info\/category\/regiony\/volovske-vrchy\/\" rel=\"category tag\">Volovsk\u00e9 vrchy<\/a>","comments_num":"0 comments","uagb_featured_image_src":{"full":["https:\/\/www.keturist.sk\/info\/wp-content\/uploads\/2026\/09\/motoracik.jpg",1220,709,false],"thumbnail":["https:\/\/www.keturist.sk\/info\/wp-content\/uploads\/2026\/09\/motoracik-270x157.jpg",270,157,true],"medium":["https:\/\/www.keturist.sk\/info\/wp-content\/uploads\/2026\/09\/motoracik-800x465.jpg",800,465,true],"medium_large":["https:\/\/www.keturist.sk\/info\/wp-content\/uploads\/2026\/09\/motoracik-768x446.jpg",768,446,true],"large":["https:\/\/www.keturist.sk\/info\/wp-content\/uploads\/2026\/09\/motoracik.jpg",1220,709,false],"1536x1536":["https:\/\/www.keturist.sk\/info\/wp-content\/uploads\/2026\/09\/motoracik.jpg",1220,709,false],"2048x2048":["https:\/\/www.keturist.sk\/info\/wp-content\/uploads\/2026\/09\/motoracik.jpg",1220,709,false],"ultp_layout_landscape_large":["https:\/\/www.keturist.sk\/info\/wp-content\/uploads\/2026\/09\/motoracik-1200x709.jpg",1200,709,true],"ultp_layout_landscape":["https:\/\/www.keturist.sk\/info\/wp-content\/uploads\/2026\/09\/motoracik-870x570.jpg",870,570,true],"ultp_layout_portrait":["https:\/\/www.keturist.sk\/info\/wp-content\/uploads\/2026\/09\/motoracik-600x709.jpg",600,709,true],"ultp_layout_square":["https:\/\/www.keturist.sk\/info\/wp-content\/uploads\/2026\/09\/motoracik-600x600.jpg",600,600,true]},"uagb_author_info":{"display_name":"admin","author_link":"https:\/\/www.keturist.sk\/info\/author\/admin\/"},"uagb_comment_info":0,"uagb_excerpt":"Pre\u010do by ste si nemali necha\u0165 ujs\u0165 unik\u00e1tny De\u0148 otvoren\u00fdch dver\u00ed na zast\u00e1vke GELNICA MESTO pri pr\u00edle\u017eitosti 90. v\u00fdro\u010dia trate? Chcete za\u017ei\u0165 neopakovate\u013en\u00fd n\u00e1vrat v \u010dase a vst\u00fapi\u0165 do miest, [&hellip;]","jetpack_featured_media_url":"https:\/\/www.keturist.sk\/info\/wp-content\/uploads\/2026\/09\/motoracik.jpg","_links":{"self":[{"href":"https:\/\/www.keturist.sk\/info\/wp-json\/wp\/v2\/posts\/79580","targetHints":{"allow":["GET"]}}],"collection":[{"href":"https:\/\/www.keturist.sk\/info\/wp-json\/wp\/v2\/posts"}],"about":[{"href":"https:\/\/www.keturist.sk\/info\/wp-json\/wp\/v2\/types\/post"}],"author":[{"embeddable":true,"href":"https:\/\/www.keturist.sk\/info\/wp-json\/wp\/v2\/users\/1"}],"replies":[{"embeddable":true,"href":"https:\/\/www.keturist.sk\/info\/wp-json\/wp\/v2\/comments?post=79580"}],"version-history":[{"count":1,"href":"https:\/\/www.keturist.sk\/info\/wp-json\/wp\/v2\/posts\/79580\/revisions"}],"predecessor-version":[{"id":79583,"href":"https:\/\/www.keturist.sk\/info\/wp-json\/wp\/v2\/posts\/79580\/revisions\/79583"}],"wp:featuredmedia":[{"embeddable":true,"href":"https:\/\/www.keturist.sk\/info\/wp-json\/wp\/v2\/media\/79582"}],"wp:attachment":[{"href":"https:\/\/www.keturist.sk\/info\/wp-json\/wp\/v2\/media?parent=79580"}],"wp:term":[{"taxonomy":"category","embeddable":true,"href":"https:\/\/www.keturist.sk\/info\/wp-json\/wp\/v2\/categories?post=79580"},{"taxonomy":"post_tag","embeddable":true,"href":"https:\/\/www.keturist.sk\/info\/wp-json\/wp\/v2\/tags?post=79580"}],"curies":[{"name":"wp","href":"https:\/\/api.w.org\/{rel}","templated":true}]}}