{"id":75472,"date":"2026-04-24T06:11:39","date_gmt":"2026-04-24T04:11:39","guid":{"rendered":"https:\/\/www.keturist.sk\/info\/?p=75472"},"modified":"2026-04-24T06:12:49","modified_gmt":"2026-04-24T04:12:49","slug":"vona-agatu-2026-akacillat","status":"publish","type":"post","link":"https:\/\/www.keturist.sk\/info\/vona-agatu-2026-akacillat\/","title":{"rendered":"V\u00f4\u0148a ag\u00e1tu 2026 \/ Ak\u00e1cillat"},"content":{"rendered":"<h2 data-path-to-node=\"0\"><span style=\"color: #800000;\">V\u00f4\u0148a ag\u00e1tu 2026 \/ Ak\u00e1cillat: Unik\u00e1tny festival v\u00edna a trad\u00edci\u00ed v Malom Hore\u0161i<\/span><\/h2>\n<p data-path-to-node=\"1\">Za\u017eite omamn\u00fa atmosf\u00e9ru ju\u017en\u00e9ho Zempl\u00edna, kde sa hist\u00f3ria stret\u00e1va v poh\u00e1ri prvotriedneho moku. <b data-path-to-node=\"1\" data-index-in-node=\"96\">V\u00f4\u0148a ag\u00e1tu 2026 \/ Ak\u00e1cillat<\/b> nie je len oby\u010dajn\u00fdm podujat\u00edm, je to zmyslov\u00fd n\u00e1vrat k trad\u00edci\u00e1m v unik\u00e1tnom prostred\u00ed tufov\u00fdch pivn\u00edc, ktor\u00e9 mus\u00edte za\u017ei\u0165 na vlastnej ko\u017ei.<\/p>\n<h2 data-path-to-node=\"3\"><span style=\"color: #800000;\">Pre\u010do nav\u0161t\u00edvi\u0165 podujatie V\u00f4\u0148a ag\u00e1tu 2026 \/ Ak\u00e1cillat v Malom Hore\u0161i?<\/span><\/h2>\n<p data-path-to-node=\"4\"><b data-path-to-node=\"4\" data-index-in-node=\"0\">V\u00f4\u0148a ag\u00e1tu 2026 \/ Ak\u00e1cillat<\/b> predstavuje u\u017e <b data-path-to-node=\"4\" data-index-in-node=\"43\">XVII. ro\u010dn\u00edk<\/b> ob\u013e\u00faben\u00e9ho podujatia, ktor\u00e9 d\u00fdcha autenticitou a <b data-path-to-node=\"4\" data-index-in-node=\"105\">o\u017eiv\u00ed star\u00e9 vinohradn\u00edcke trad\u00edcie<\/b> \u0161pecifickej oblasti, v ktor\u00fdch sa <b data-path-to-node=\"4\" data-index-in-node=\"174\">kvalitn\u00e9 v\u00edno vyr\u00e1ba<\/b>. <b data-path-to-node=\"4\" data-index-in-node=\"196\">Hlavnou ideou a stredobodom<\/b> cel\u00e9ho tohto podujatia je <b data-path-to-node=\"4\" data-index-in-node=\"250\">odborn\u00e1 i laick\u00e1 ochutn\u00e1vka v\u00edn<\/b>, ktor\u00e1 je vkusne <b data-path-to-node=\"4\" data-index-in-node=\"299\">doplnen\u00e1 vyst\u00fapeniami folkl\u00f3rnych s\u00faborov<\/b> a talentovan\u00fdch <b data-path-to-node=\"4\" data-index-in-node=\"357\">hudobn\u00edkov<\/b> nielen z dom\u00e1ceho <b data-path-to-node=\"4\" data-index-in-node=\"386\">Slovenska<\/b>, ale aj zo <b data-path-to-node=\"4\" data-index-in-node=\"407\">zahrani\u010dia<\/b>.<\/p>\n<p data-path-to-node=\"4\">V r\u00e1mci bohatej ponuky podujatia bud\u00fa m\u00f4c\u0165 v\u0161etci <b data-path-to-node=\"4\" data-index-in-node=\"469\">n\u00e1v\u0161tevn\u00edci absolvova\u0165 aj zauj\u00edmav\u00fd sprievodn\u00fd program<\/b>, pri\u010dom <b data-path-to-node=\"4\" data-index-in-node=\"532\">bli\u017e\u0161ie inform\u00e1cie<\/b> bud\u00fa zverejnen\u00e9 u\u017e <b data-path-to-node=\"4\" data-index-in-node=\"570\">\u010doskoro<\/b>. Je d\u00f4le\u017eit\u00e9 uvies\u0165, \u017ee toto <b data-path-to-node=\"4\" data-index-in-node=\"607\">podujatie bolo spolufinancovan\u00e9 Ko\u0161ick\u00fdm samospr\u00e1vnym krajom<\/b> prostredn\u00edctvom dota\u010dn\u00e9ho <b data-path-to-node=\"4\" data-index-in-node=\"694\">programu Terra Incognita<\/b>.<\/p>\n<h2 data-path-to-node=\"5\"><span style=\"color: #800000;\">Ak\u00e9 mo\u017enosti dopravy pon\u00faka V\u00f4\u0148a ag\u00e1tu 2026 \/ Ak\u00e1cillat pre n\u00e1v\u0161tevn\u00edkov z Ko\u0161\u00edc?<\/span><\/h2>\n<p data-path-to-node=\"6\">Na prest\u00ed\u017enu akciu <b data-path-to-node=\"6\" data-index-in-node=\"19\">V\u00f4\u0148a ag\u00e1tu 2026 \/ Ak\u00e1cillat nemus\u00ed\u0161 \u00eds\u0165 len autom<\/b>, \u010do ti otv\u00e1ra dvere k neru\u0161enej degust\u00e1cii. <b data-path-to-node=\"6\" data-index-in-node=\"113\">Ak si chce\u0161 de\u0148 u\u017ei\u0165 bez stresu<\/b> z parkovania \u010di \u0161of\u00e9rovania, <b data-path-to-node=\"6\" data-index-in-node=\"174\">m\u00f4\u017ee\u0161 vyu\u017ei\u0165 aj n\u00e1\u0161 organizovan\u00fd V\u00fdlet za V\u00f4\u0148ou ag\u00e1tov<\/b>. Priamo <b data-path-to-node=\"6\" data-index-in-node=\"237\">z Ko\u0161\u00edc \u0165a pohodlne dovezie autobus<\/b>, pri\u010dom sa po\u010das cesty <b data-path-to-node=\"6\" data-index-in-node=\"296\">pozrie\u0161 do Ka\u0161tie\u013ea R\u00e1k\u00f3czi v Bor\u0161i<\/b>.<\/p>\n<p data-path-to-node=\"6\">Potom si u\u017e naplno <b data-path-to-node=\"6\" data-index-in-node=\"352\">u\u017eije\u0161 atmosf\u00e9ru obce Mal\u00fd Hore\u0161 so v\u0161etk\u00fdm, \u010do k tomuto podujatiu patr\u00ed<\/b> \u2013 \u010dakaj\u00fa \u0165a <b data-path-to-node=\"6\" data-index-in-node=\"437\">otvoren\u00e9 pivnice, v\u00edno a podmaniv\u00e1 v\u00f4\u0148a rozkvitnut\u00fdch ag\u00e1tov<\/b>. Pr\u00e1ve <b data-path-to-node=\"6\" data-index-in-node=\"505\">takto si cel\u00fd de\u0148 vychutn\u00e1\u0161 ove\u013ea pohodlnej\u0161ie<\/b> a ako bonus <b data-path-to-node=\"6\" data-index-in-node=\"564\">e\u0161te aj objav\u00ed\u0161 \u010fal\u0161ie kr\u00e1sne miesto v na\u0161om kraji<\/b>. Podrobnosti o tomto z\u00e1\u017eitkovom transfere n\u00e1jde\u0161 na <b data-path-to-node=\"6\" data-index-in-node=\"667\">V\u00fdlet za Vo\u0148ou Ag\u00e1tov<\/b> (<a class=\"ng-star-inserted\" href=\"https:\/\/vylety.kosiceregion.com\/vylety\/vylet-za-vonou-agatov-2\" target=\"_blank\" rel=\"noopener\" data-hveid=\"0\" data-ved=\"0CAAQ_4QMahgKEwjRq9ekp4WUAxUAAAAAHQAAAAAQ6AU\">https:\/\/vylety.kosiceregion.com\/vylety\/vylet-za-vonou-agatov-2<\/a>).<\/p>\n<h2 data-path-to-node=\"7\"><span style=\"color: #800000;\">Ak\u00fd je program podujatia V\u00f4\u0148a ag\u00e1tu \u2013 De\u0148 otvoren\u00fdch pivn\u00edc v piatok 15. m\u00e1ja 2026?<\/span><\/h2>\n<p data-path-to-node=\"8\">V prv\u00fd de\u0148, <b data-path-to-node=\"8\" data-index-in-node=\"12\">15. m\u00e1j 2026 \u2013 piatok<\/b>, \u0161tartuje program o <b data-path-to-node=\"8\" data-index-in-node=\"54\">14:00 &#8211; 15:00<\/b>, kedy sa kon\u00e1 <b data-path-to-node=\"8\" data-index-in-node=\"82\">z\u00e1\u017eitkov\u00e1 degust\u00e1cia pre vopred prihl\u00e1sen\u00fdch host\u00ed<\/b>. Miestom konania je <b data-path-to-node=\"8\" data-index-in-node=\"153\">Jurta \u2013 okr\u00fahla budova nad amfite\u00e1trom<\/b> v obci <b data-path-to-node=\"8\" data-index-in-node=\"199\">Mal\u00fd Hore\u0161<\/b>, ulica <b data-path-to-node=\"8\" data-index-in-node=\"217\">Chlmeck\u00e1 \u2013 pivni\u010dn\u00fd are\u00e1l<\/b>.<\/p>\n<p data-path-to-node=\"8\">Pripraven\u00e1 je <b data-path-to-node=\"8\" data-index-in-node=\"258\">ochutn\u00e1vka 12 r\u00f4znych v\u00edn od 6 miestnych vin\u00e1rov<\/b>, \u010do zah\u0155\u0148a <b data-path-to-node=\"8\" data-index-in-node=\"318\">6 bielych, 2 ru\u017eov\u00e9 a 4 \u010derven\u00e9<\/b> vzorky.<\/p>\n<p data-path-to-node=\"8\"><b data-path-to-node=\"8\" data-index-in-node=\"358\">Vstupn\u00e9<\/b> na tento exkluz\u00edvny bod programu je <b data-path-to-node=\"8\" data-index-in-node=\"402\">15 EUR \/ osoba<\/b>.<\/p>\n<p data-path-to-node=\"8\"><b data-path-to-node=\"8\" data-index-in-node=\"418\">Rezerv\u00e1cie a objedn\u00e1vky v\u00edn<\/b> vybavuje <b data-path-to-node=\"8\" data-index-in-node=\"455\">Varkonda Csaba<\/b> na tel. \u010d\u00edsle <b data-path-to-node=\"8\" data-index-in-node=\"484\">0908 337 542<\/b> alebo e-maile <b data-path-to-node=\"8\" data-index-in-node=\"511\">varkonda@post.sk<\/b>.<\/p>\n<p data-path-to-node=\"8\">N\u00e1sledne od <b data-path-to-node=\"8\" data-index-in-node=\"541\">15:00 do 19:00<\/b> prebieha <b data-path-to-node=\"8\" data-index-in-node=\"565\">predve\u010der Dni otvoren\u00fdch pivn\u00edc<\/b> priamo v lokalite <b data-path-to-node=\"8\" data-index-in-node=\"615\">pivni\u010dn\u00fd are\u00e1l<\/b>.<\/p>\n<p data-path-to-node=\"8\"><b data-path-to-node=\"8\" data-index-in-node=\"631\">Vstupn\u00e9 na ochutn\u00e1vku v\u00edn<\/b> v tento \u010das je <b data-path-to-node=\"8\" data-index-in-node=\"672\">13 EUR\/osoba<\/b>, pri\u010dom <b data-path-to-node=\"8\" data-index-in-node=\"693\">v cene je zahrnut\u00fd<\/b> aj <b data-path-to-node=\"8\" data-index-in-node=\"715\">ochutn\u00e1vkov\u00fd poh\u00e1r<\/b>.<\/p>\n<p data-path-to-node=\"8\">M\u00f4\u017eete sa te\u0161i\u0165 na <b data-path-to-node=\"8\" data-index-in-node=\"754\">ochutn\u00e1vku 24 r\u00f4znych druhov v\u00edn od 10 miestnych vin\u00e1rov<\/b>.<\/p>\n<p data-path-to-node=\"8\">Pre <b data-path-to-node=\"8\" data-index-in-node=\"816\">rezerv\u00e1cie<\/b> kontaktujte osoby: <b data-path-to-node=\"8\" data-index-in-node=\"846\">Asszonyi \u00c1rp\u00e1d<\/b> (0904 011 292, asszonyi.arpad@zoznam.sk) alebo <b data-path-to-node=\"8\" data-index-in-node=\"908\">Varkonda Csaba<\/b> (0908 337 542, varkonda@post.sk).<\/p>\n<h2 data-path-to-node=\"9\"><span style=\"color: #800000;\">\u010co \u010dak\u00e1 turistov v Malom Hore\u0161i v sobotu 16. m\u00e1ja 2026?<\/span><\/h2>\n<p data-path-to-node=\"10\">Hlavn\u00fd de\u0148, <b data-path-to-node=\"10\" data-index-in-node=\"12\">16. m\u00e1j 2026 \u2013 sobota<\/b>, prin\u00e1\u0161a skvel\u00fa spr\u00e1vu \u2013 <b data-path-to-node=\"10\" data-index-in-node=\"59\">vstupn\u00e9 na kult\u00farny program je ZADARMO<\/b>.<\/p>\n<p data-path-to-node=\"10\">Ak v\u00e1s zauj\u00edma <b data-path-to-node=\"10\" data-index-in-node=\"114\">vstupn\u00e9 na ochutn\u00e1vku v\u00edn<\/b>, v <b data-path-to-node=\"10\" data-index-in-node=\"143\">predpredaji<\/b> ho z\u00edskate za <b data-path-to-node=\"10\" data-index-in-node=\"169\">17 EUR<\/b> a <b data-path-to-node=\"10\" data-index-in-node=\"178\">na mieste za 20 EUR<\/b>, pri\u010dom <b data-path-to-node=\"10\" data-index-in-node=\"206\">predaj l\u00edstkov<\/b> za\u010d\u00edna <b data-path-to-node=\"10\" data-index-in-node=\"228\">od 11:00<\/b>. Samotn\u00e9 <b data-path-to-node=\"10\" data-index-in-node=\"246\">Dni otvoren\u00fdch pivn\u00edc<\/b> prebiehaj\u00fa od <b data-path-to-node=\"10\" data-index-in-node=\"282\">12:00 do 19:00<\/b>, kde sa predstav\u00ed <b data-path-to-node=\"10\" data-index-in-node=\"315\">19 vin\u00e1rov<\/b> s ponukou <b data-path-to-node=\"10\" data-index-in-node=\"336\">38 druhov v\u00edn<\/b>. Od <b data-path-to-node=\"10\" data-index-in-node=\"354\">13:30 do 19:00<\/b> bude prebieha\u0165 <b data-path-to-node=\"10\" data-index-in-node=\"384\">kult\u00farny program na javisku amfite\u00e1tra<\/b> s\u00fabe\u017ene s <b data-path-to-node=\"10\" data-index-in-node=\"433\">ochutn\u00e1vkou<\/b>.<\/p>\n<h3 data-path-to-node=\"10\"><span style=\"color: #808000;\"><b data-path-to-node=\"10\" data-index-in-node=\"446\">\u00da\u010dinkuj\u00faci<\/b> s\u00fa rozdelen\u00ed nasledovne:<\/span><\/h3>\n<ul data-path-to-node=\"11\">\n<li>\n<p data-path-to-node=\"11,0,0\"><b data-path-to-node=\"11,0,0\" data-index-in-node=\"0\">13:30 &#8211; 14:00<\/b>: <b data-path-to-node=\"11,0,0\" data-index-in-node=\"15\">Akorde\u00f3nov\u00fd s\u00fabor pri ZU\u0160 v Se\u010dovciach<\/b> \u2013 predstavia <b data-path-to-node=\"11,0,0\" data-index-in-node=\"67\">popul\u00e1rne a \u013eudov\u00e9 piesne<\/b>.<\/p>\n<\/li>\n<li>\n<p data-path-to-node=\"11,1,0\"><b data-path-to-node=\"11,1,0\" data-index-in-node=\"0\">14:00 &#8211; 14:15<\/b>: <b data-path-to-node=\"11,1,0\" data-index-in-node=\"15\">Kiscike<\/b>, talentovan\u00e1 <b data-path-to-node=\"11,1,0\" data-index-in-node=\"36\">citarov\u00e1 skupina a deti Z\u0160 Mal\u00fd Hore\u0161<\/b>.<\/p>\n<\/li>\n<li>\n<p data-path-to-node=\"11,2,0\"><b data-path-to-node=\"11,2,0\" data-index-in-node=\"0\">14:15 &#8211; 14:30<\/b>: <b data-path-to-node=\"11,2,0\" data-index-in-node=\"15\">Sl\u00e1vnostn\u00e9 otvorenie podujatia<\/b>.<\/p>\n<\/li>\n<li>\n<p data-path-to-node=\"11,3,0\"><b data-path-to-node=\"11,3,0\" data-index-in-node=\"0\">14:30 &#8211; 15:00<\/b>: <b data-path-to-node=\"11,3,0\" data-index-in-node=\"15\">Angelika \u0160amudovsk\u00e1 a J\u00e1n Buzinkai<\/b> \u2013 zn\u00e1me <b data-path-to-node=\"11,3,0\" data-index-in-node=\"58\">piesne z filmov a muzik\u00e1lov<\/b>.<\/p>\n<\/li>\n<li>\n<p data-path-to-node=\"11,4,0\"><b data-path-to-node=\"11,4,0\" data-index-in-node=\"0\">15:00 &#8211; 15:45<\/b>: <b data-path-to-node=\"11,4,0\" data-index-in-node=\"15\">Kom\u00f3csa<\/b> \u2013 zn\u00e1my <b data-path-to-node=\"11,4,0\" data-index-in-node=\"31\">folkl\u00f3rny s\u00fabor Ve\u013ek\u00e9 Kapu\u0161any<\/b>.<\/p>\n<\/li>\n<li>\n<p data-path-to-node=\"11,5,0\"><b data-path-to-node=\"11,5,0\" data-index-in-node=\"0\">15:45 &#8211; 16:00<\/b>: <b data-path-to-node=\"11,5,0\" data-index-in-node=\"15\">Zahura\u010dky<\/b> \u2013 <b data-path-to-node=\"11,5,0\" data-index-in-node=\"27\">ve\u010dne mlad\u00e9 d\u00e1my<\/b> a ich <b data-path-to-node=\"11,5,0\" data-index-in-node=\"50\">country<\/b> vyst\u00fapenie zo Spi\u0161sk\u00fdch Vl\u00e1ch.<\/p>\n<\/li>\n<li>\n<p data-path-to-node=\"11,6,0\"><b data-path-to-node=\"11,6,0\" data-index-in-node=\"0\">16:00 &#8211; 17:00<\/b>: <b data-path-to-node=\"11,6,0\" data-index-in-node=\"15\">Kiss Zolt\u00e1n a V\u00f6r\u00f6s Edit<\/b> z Budape\u0161ti prines\u00fa <b data-path-to-node=\"11,6,0\" data-index-in-node=\"60\">popul\u00e1rne piesne, operety a muzik\u00e1ly<\/b>.<\/p>\n<\/li>\n<li>\n<p data-path-to-node=\"11,7,0\"><b data-path-to-node=\"11,7,0\" data-index-in-node=\"0\">17:00 &#8211; 18:00<\/b>: <b data-path-to-node=\"11,7,0\" data-index-in-node=\"15\">Karmen P\u00e1l-Bal\u00e1\u017e &amp; OliverFromEarth<\/b>, popul\u00e1rne <b data-path-to-node=\"11,7,0\" data-index-in-node=\"61\">slovensko-ma\u010farsk\u00e9 hudobn\u00e9 duo<\/b>.<\/p>\n<\/li>\n<li>\n<p data-path-to-node=\"11,8,0\"><b data-path-to-node=\"11,8,0\" data-index-in-node=\"0\">18:00 &#8211; 19:00<\/b>: <b data-path-to-node=\"11,8,0\" data-index-in-node=\"15\">Skupina Nosztalgia<\/b> a ich <b data-path-to-node=\"11,8,0\" data-index-in-node=\"40\">\u017eiv\u00e1 retro hudba<\/b>.<\/p>\n<\/li>\n<\/ul>\n<p data-path-to-node=\"12\">Pre n\u00e1v\u0161tevn\u00edkov je zabezpe\u010den\u00e1 aj <b data-path-to-node=\"12\" data-index-in-node=\"35\">kyvadlov\u00e1 doprava<\/b>: odchod <b data-path-to-node=\"12\" data-index-in-node=\"61\">od V.Hore\u0161 \u017eel.stanica do M.Hore\u0161 pivni\u010dn\u00fd are\u00e1l o 12:28 hod.<\/b> a n\u00e1vrat <b data-path-to-node=\"12\" data-index-in-node=\"132\">od M.Hore\u0161 pivni\u010dn\u00fd are\u00e1l do V.Hore\u0161 \u017eel.stanica o 19:19 hod.<\/b> Rezerv\u00e1cie a inform\u00e1cie poskytuj\u00fa <b data-path-to-node=\"12\" data-index-in-node=\"228\">Asszonyi \u00c1rp\u00e1d<\/b>, <b data-path-to-node=\"12\" data-index-in-node=\"244\">Varkonda Csaba<\/b> a <b data-path-to-node=\"12\" data-index-in-node=\"261\">Obecn\u00fd \u00farad Mal\u00fd Hore\u0161<\/b> na \u010d\u00edslach <b data-path-to-node=\"12\" data-index-in-node=\"295\">056 628 5370<\/b> alebo <b data-path-to-node=\"12\" data-index-in-node=\"314\">0904 285 370<\/b>. <b data-path-to-node=\"12\" data-index-in-node=\"328\">Viac inform\u00e1ci\u00ed sa dozviete<\/b> na ofici\u00e1lnom webe: <b data-path-to-node=\"12\" data-index-in-node=\"376\"><a class=\"ng-star-inserted\" href=\"https:\/\/www.kosiceregion.com\/sk\/event\/vona-agatu-2026-akacillat\/\" target=\"_blank\" rel=\"noopener\" data-hveid=\"0\" data-ved=\"0CAAQ_4QMahgKEwjRq9ekp4WUAxUAAAAAHQAAAAAQ6QU\">https:\/\/www.kosiceregion.com\/sk\/event\/vona-agatu-2026-akacillat\/<\/a><\/b>.<\/p>\n<h2 data-path-to-node=\"14\"><span style=\"color: #800000;\">Pre\u010do si toto vin\u00e1rske dobrodru\u017estvo nenecha\u0165 ujs\u0165?<\/span><\/h2>\n<p data-path-to-node=\"15\"><em>N\u00e1v\u0161teva podujatia v Malom Hore\u0161i v\u00e1m otvor\u00ed br\u00e1ny do unik\u00e1tneho sveta <b data-path-to-node=\"15\" data-index-in-node=\"71\">stredovek\u00fdch tufov\u00fdch pivn\u00edc<\/b>, ktor\u00e9 s\u00fa svetov\u00fdm unik\u00e1tom ukryt\u00fdm v ag\u00e1tovom h\u00e1ji. Okrem degust\u00e1cie poctiv\u00e9ho <b data-path-to-node=\"15\" data-index-in-node=\"180\">remeseln\u00e9ho v\u00edna<\/b> za\u017eijete neopakovate\u013en\u00fa pohostinnos\u0165 miestnych \u013eud\u00ed, ktor\u00e1 sa dnes u\u017e h\u013ead\u00e1 len \u0165a\u017eko. Je to ide\u00e1lna pr\u00edle\u017eitos\u0165 na <b data-path-to-node=\"15\" data-index-in-node=\"313\">jarn\u00fd relax<\/b>, kde spoj\u00edte kult\u00farne obohatenie s gurm\u00e1nskym z\u00e1\u017eitkom na \u010derstvom vzduchu. Vyu\u017eit\u00edm organizovanej dopravy navy\u0161e podporujete <b data-path-to-node=\"15\" data-index-in-node=\"451\">ekologick\u00e9 cestovanie<\/b> a lok\u00e1lnu ekonomiku juhov\u00fdchodn\u00e9ho Slovenska. Odnesiete si nielen chu\u0165 skvel\u00e9ho v\u00edna na jazyku, ale aj spomienky na krajinu, kde sa \u010das na chv\u00ed\u013eu pr\u00edjemne zastavil.<\/em><\/p>\n<hr \/>\n<p data-path-to-node=\"15\"><a href=\"https:\/\/www.keturist.sk\/info\/wp-content\/uploads\/2026\/04\/vona-agatu.jpg\"><img loading=\"lazy\" decoding=\"async\" class=\"aligncenter wp-image-75474\" src=\"https:\/\/www.keturist.sk\/info\/wp-content\/uploads\/2026\/04\/vona-agatu-800x419.jpg\" alt=\"V\u00f4\u0148a ag\u00e1tu 2026 \/ Ak\u00e1cillat\" width=\"900\" height=\"471\" srcset=\"https:\/\/www.keturist.sk\/info\/wp-content\/uploads\/2026\/04\/vona-agatu-800x419.jpg 800w, https:\/\/www.keturist.sk\/info\/wp-content\/uploads\/2026\/04\/vona-agatu-270x141.jpg 270w, https:\/\/www.keturist.sk\/info\/wp-content\/uploads\/2026\/04\/vona-agatu-768x402.jpg 768w, https:\/\/www.keturist.sk\/info\/wp-content\/uploads\/2026\/04\/vona-agatu.jpg 1024w\" sizes=\"auto, (max-width: 900px) 100vw, 900px\" \/><\/a><\/p>\n","protected":false},"excerpt":{"rendered":"<p>V\u00f4\u0148a ag\u00e1tu 2026 \/ Ak\u00e1cillat: Unik\u00e1tny festival v\u00edna a trad\u00edci\u00ed v Malom Hore\u0161i Za\u017eite omamn\u00fa atmosf\u00e9ru ju\u017en\u00e9ho Zempl\u00edna, kde sa hist\u00f3ria stret\u00e1va v poh\u00e1ri prvotriedneho moku. V\u00f4\u0148a ag\u00e1tu 2026 \/ [&hellip;]<\/p>\n","protected":false},"author":1,"featured_media":75474,"comment_status":"closed","ping_status":"closed","sticky":false,"template":"","format":"standard","meta":{"_uag_custom_page_level_css":"","_monsterinsights_skip_tracking":false,"_monsterinsights_sitenote_active":false,"_monsterinsights_sitenote_note":"","_monsterinsights_sitenote_category":0,"footnotes":""},"categories":[1,811,682,679],"tags":[],"class_list":["post-75472","post","type-post","status-publish","format-standard","has-post-thumbnail","hentry","category-aktuality","category-gastro-podujatia","category-podujatia","category-zemplin"],"jetpack_featured_media_url":"https:\/\/www.keturist.sk\/info\/wp-content\/uploads\/2026\/04\/vona-agatu.jpg","featured_image_src":"https:\/\/www.keturist.sk\/info\/wp-content\/uploads\/2026\/04\/vona-agatu.jpg","featured_image_src_square":"https:\/\/www.keturist.sk\/info\/wp-content\/uploads\/2026\/04\/vona-agatu.jpg","author_info":{"display_name":"admin","author_link":"https:\/\/www.keturist.sk\/info\/author\/admin\/"},"rbea_author_info":{"display_name":"admin","author_link":"https:\/\/www.keturist.sk\/info\/author\/admin\/"},"rbea_excerpt_info":"V\u00f4\u0148a ag\u00e1tu 2026 \/ Ak\u00e1cillat: Unik\u00e1tny festival v\u00edna a trad\u00edci\u00ed v Malom Hore\u0161i Za\u017eite omamn\u00fa atmosf\u00e9ru ju\u017en\u00e9ho Zempl\u00edna, kde sa hist\u00f3ria stret\u00e1va v poh\u00e1ri prvotriedneho moku. V\u00f4\u0148a ag\u00e1tu 2026 \/ [&hellip;]","category_list":"<a href=\"https:\/\/www.keturist.sk\/info\/category\/aktuality\/\" rel=\"category tag\">01 Aktuality (v\u0161etky)<\/a>, <a href=\"https:\/\/www.keturist.sk\/info\/category\/gastro-podujatia\/\" rel=\"category tag\">Gastro podujatia<\/a>, <a href=\"https:\/\/www.keturist.sk\/info\/category\/podujatia\/\" rel=\"category tag\">Kult\u00farne podujatia<\/a>, <a href=\"https:\/\/www.keturist.sk\/info\/category\/regiony\/zemplin\/\" rel=\"category tag\">Zempl\u00edn<\/a>","comments_num":"0 comments","uagb_featured_image_src":{"full":["https:\/\/www.keturist.sk\/info\/wp-content\/uploads\/2026\/04\/vona-agatu.jpg",1024,536,false],"thumbnail":["https:\/\/www.keturist.sk\/info\/wp-content\/uploads\/2026\/04\/vona-agatu-270x141.jpg",270,141,true],"medium":["https:\/\/www.keturist.sk\/info\/wp-content\/uploads\/2026\/04\/vona-agatu-800x419.jpg",800,419,true],"medium_large":["https:\/\/www.keturist.sk\/info\/wp-content\/uploads\/2026\/04\/vona-agatu-768x402.jpg",768,402,true],"large":["https:\/\/www.keturist.sk\/info\/wp-content\/uploads\/2026\/04\/vona-agatu.jpg",1024,536,false],"1536x1536":["https:\/\/www.keturist.sk\/info\/wp-content\/uploads\/2026\/04\/vona-agatu.jpg",1024,536,false],"2048x2048":["https:\/\/www.keturist.sk\/info\/wp-content\/uploads\/2026\/04\/vona-agatu.jpg",1024,536,false]},"uagb_author_info":{"display_name":"admin","author_link":"https:\/\/www.keturist.sk\/info\/author\/admin\/"},"uagb_comment_info":0,"uagb_excerpt":"V\u00f4\u0148a ag\u00e1tu 2026 \/ Ak\u00e1cillat: Unik\u00e1tny festival v\u00edna a trad\u00edci\u00ed v Malom Hore\u0161i Za\u017eite omamn\u00fa atmosf\u00e9ru ju\u017en\u00e9ho Zempl\u00edna, kde sa hist\u00f3ria stret\u00e1va v poh\u00e1ri prvotriedneho moku. V\u00f4\u0148a ag\u00e1tu 2026 \/ [&hellip;]","_links":{"self":[{"href":"https:\/\/www.keturist.sk\/info\/wp-json\/wp\/v2\/posts\/75472","targetHints":{"allow":["GET"]}}],"collection":[{"href":"https:\/\/www.keturist.sk\/info\/wp-json\/wp\/v2\/posts"}],"about":[{"href":"https:\/\/www.keturist.sk\/info\/wp-json\/wp\/v2\/types\/post"}],"author":[{"embeddable":true,"href":"https:\/\/www.keturist.sk\/info\/wp-json\/wp\/v2\/users\/1"}],"replies":[{"embeddable":true,"href":"https:\/\/www.keturist.sk\/info\/wp-json\/wp\/v2\/comments?post=75472"}],"version-history":[{"count":2,"href":"https:\/\/www.keturist.sk\/info\/wp-json\/wp\/v2\/posts\/75472\/revisions"}],"predecessor-version":[{"id":75476,"href":"https:\/\/www.keturist.sk\/info\/wp-json\/wp\/v2\/posts\/75472\/revisions\/75476"}],"wp:featuredmedia":[{"embeddable":true,"href":"https:\/\/www.keturist.sk\/info\/wp-json\/wp\/v2\/media\/75474"}],"wp:attachment":[{"href":"https:\/\/www.keturist.sk\/info\/wp-json\/wp\/v2\/media?parent=75472"}],"wp:term":[{"taxonomy":"category","embeddable":true,"href":"https:\/\/www.keturist.sk\/info\/wp-json\/wp\/v2\/categories?post=75472"},{"taxonomy":"post_tag","embeddable":true,"href":"https:\/\/www.keturist.sk\/info\/wp-json\/wp\/v2\/tags?post=75472"}],"curies":[{"name":"wp","href":"https:\/\/api.w.org\/{rel}","templated":true}]}}