{"id":75076,"date":"2026-04-11T06:11:19","date_gmt":"2026-04-11T04:11:19","guid":{"rendered":"https:\/\/www.keturist.sk\/info\/?p=75076"},"modified":"2026-04-11T06:11:19","modified_gmt":"2026-04-11T04:11:19","slug":"mestske-lesy-kosice-jarne-prace-2026-v-kosickych-lesoch-v-plnom-prude","status":"publish","type":"post","link":"https:\/\/www.keturist.sk\/info\/mestske-lesy-kosice-jarne-prace-2026-v-kosickych-lesoch-v-plnom-prude\/","title":{"rendered":"Mestsk\u00e9 lesy Ko\u0161ice : Jarn\u00e9 pr\u00e1ce 2026 v ko\u0161ick\u00fdch lesoch v plnom pr\u00fade"},"content":{"rendered":"<h2 data-path-to-node=\"1\"><span style=\"color: #800000;\">Pre\u010do s\u00fa Mestsk\u00e9 lesy Ko\u0161ice po\u010das jari 2026 centrom najd\u00f4le\u017eitej\u0161\u00edch pr\u00e1c?<\/span><\/h2>\n<p data-path-to-node=\"2\">Pr\u00e1ve teraz, ke\u010f sa pr\u00edroda preb\u00fadza, za\u017e\u00edvaj\u00fa <b data-path-to-node=\"2\" data-index-in-node=\"47\">Mestsk\u00e9 lesy Ko\u0161ice<\/b> svoje najru\u0161nej\u0161ie obdobie v roku. Jar je pre <b data-path-to-node=\"2\" data-index-in-node=\"113\">pestovate\u013eov lesa<\/b> k\u013e\u00fa\u010dovou sez\u00f3nou, po\u010das ktorej sa v\u0161etky sily s\u00fastre\u010fuj\u00fa na strategick\u00fa <b data-path-to-node=\"2\" data-index-in-node=\"203\">obnovu lesn\u00fdch porastov<\/b> a intenz\u00edvne <b data-path-to-node=\"2\" data-index-in-node=\"240\">zales\u0148ovanie<\/b>. V aktu\u00e1lnom roku 2026 pl\u00e1nuje n\u00e1\u0161 t\u00edm v ko\u0161ick\u00fdch mestsk\u00fdch lesoch zalesni\u0165 plochu s celkovou v\u00fdmerou <b data-path-to-node=\"2\" data-index-in-node=\"356\">3,79 hekt\u00e1ra<\/b>. T\u00e1to aktivita zah\u0155\u0148a predov\u0161etk\u00fdm lokality, kde <b data-path-to-node=\"2\" data-index-in-node=\"418\">prirodzen\u00e9 zmladenie<\/b> z n\u00e1letu neposkytuje dostato\u010dn\u00fa kapacitu na plnohodnotn\u00e9 zabezpe\u010denie bud\u00faceho lesa.<\/p>\n<h2 data-path-to-node=\"3\"><span style=\"color: #800000;\">Kde je nevyhnutn\u00e1 umel\u00e1 v\u00fdsadba a ako v nej dominuj\u00fa ko\u0161ick\u00e9 lesy?<\/span><\/h2>\n<p data-path-to-node=\"4\"><b data-path-to-node=\"4\" data-index-in-node=\"0\">Umel\u00e1 v\u00fdsadba<\/b> je nevyhnutn\u00fdm rie\u0161en\u00edm najm\u00e4 na ploch\u00e1ch, ktor\u00e9 boli postihnut\u00e9 <b data-path-to-node=\"4\" data-index-in-node=\"79\">pr\u00edrodn\u00fdmi kalamitami<\/b>, sp\u00f4soben\u00fdmi predov\u0161etk\u00fdm siln\u00fdm vetrom. K tomuto kroku pristupujeme opakovane aj tam, kde mlad\u00e9 jedince nedok\u00e1zali pre\u017ei\u0165 nepriazniv\u00e9 vplyvy prostredia, ako s\u00fa extr\u00e9mne <b data-path-to-node=\"4\" data-index-in-node=\"271\">sucho, siln\u00e9 mrazy<\/b> \u010di po\u0161kodenie sp\u00f4soben\u00e9 <b data-path-to-node=\"4\" data-index-in-node=\"314\">lesnou zverou<\/b>. Napriek t\u00fdmto v\u00fdzvam v na\u0161om regi\u00f3ne priaznivo dominuje <b data-path-to-node=\"4\" data-index-in-node=\"385\">prirodzen\u00e9 zmladenie<\/b>, ktor\u00e9 pokr\u00fdva a\u017e <b data-path-to-node=\"4\" data-index-in-node=\"424\">84 % pl\u00f4ch<\/b> ur\u010den\u00fdch na obnovu. T\u00fdmto v\u00fdsledkom <b data-path-to-node=\"4\" data-index-in-node=\"471\">Mestsk\u00e9 lesy Ko\u0161ice<\/b> v\u00fdrazne prevy\u0161uj\u00fa celoslovensk\u00fd priemer, \u010do sved\u010d\u00ed o vysokej vitalite na\u0161ich porastov.<\/p>\n<h2 data-path-to-node=\"5\"><span style=\"color: #800000;\">\u010co predch\u00e1dza samotn\u00e9mu zales\u0148ovaniu v lesn\u00fdch \u0161k\u00f4lkach?<\/span><\/h2>\n<p data-path-to-node=\"6\">Samotn\u00e9mu procesu v\u00fdsadby v ter\u00e9ne predch\u00e1dzaj\u00fa prec\u00edzne a odborn\u00e9 pr\u00e1ce v <b data-path-to-node=\"6\" data-index-in-node=\"75\">lesn\u00fdch \u0161k\u00f4lkach<\/b>, kde s l\u00e1skou a odbornos\u0165ou pestujeme kvalitn\u00e9 <b data-path-to-node=\"6\" data-index-in-node=\"139\">semen\u00e1\u010diky a sadenice<\/b>. Po\u010das tohtoro\u010dnej jari sme zo substr\u00e1tov vyzdvihli na takzvan\u00e9 <b data-path-to-node=\"6\" data-index-in-node=\"225\">jarn\u00e9 \u0161k\u00f4lkovanie<\/b> a\u017e <b data-path-to-node=\"6\" data-index-in-node=\"246\">91 000 kusov semen\u00e1\u010dikov<\/b>, ktor\u00e9 \u010dak\u00e1 presadenie do \u010fal\u0161ieho \u0161t\u00e1dia pestovate\u013esk\u00e9ho cyklu. Z dospel\u00fdch jedincov, ktor\u00e9 u\u017e dosiahli ide\u00e1lne \u0161t\u00e1dium pre \u017eivot v lese, pl\u00e1nujeme v lesn\u00fdch porastoch vysadi\u0165 celkovo <b data-path-to-node=\"6\" data-index-in-node=\"456\">21 000 kusov saden\u00edc<\/b>.<\/p>\n<h2 data-path-to-node=\"7\"><span style=\"color: #800000;\">Ak\u00e9 \u0161peci\u00e1lne dreviny pripravuj\u00fa Mestsk\u00e9 lesy Ko\u0161ice pre verejnos\u0165?<\/span><\/h2>\n<p data-path-to-node=\"8\">Okrem obnovy vo\u013enej pr\u00edrody sa venujeme aj \u0161pecifickej produkcii. Pripraven\u00fdch je <b data-path-to-node=\"8\" data-index-in-node=\"82\">5 800 kusov ihli\u010dnat\u00fdch strom\u010dekov<\/b>, medzi ktor\u00fdmi n\u00e1jdete <b data-path-to-node=\"8\" data-index-in-node=\"140\">smrek, borovicu, jed\u013eu<\/b> aj <b data-path-to-node=\"8\" data-index-in-node=\"166\">smrek pich\u013eav\u00fd<\/b>. Tieto dreviny s\u00fa ur\u010den\u00e9 na v\u00fdsadbu na \u0161pecializovan\u00fdch <b data-path-to-node=\"8\" data-index-in-node=\"237\">plant\u00e1\u017each viano\u010dn\u00fdch strom\u010dekov<\/b>. Ke\u010f\u017ee niektor\u00e9 druhy, najm\u00e4 vz\u00e1cna <b data-path-to-node=\"8\" data-index-in-node=\"306\">jed\u013ea<\/b>, b\u00fdvaj\u00fa silne po\u0161kodzovan\u00e9 odhryzom zveri, vy\u017eaduj\u00fa si pri v\u00fdsadbe d\u00f4sledn\u00fa ochranu vo forme <b data-path-to-node=\"8\" data-index-in-node=\"405\">opl\u00f4tkov<\/b>. Na dokument\u00e1cii m\u00f4\u017eete vidie\u0165 modern\u00fd sp\u00f4sob ochrany pomocou <b data-path-to-node=\"8\" data-index-in-node=\"476\">mikroopl\u00f4tku s biologicky rozlo\u017eite\u013enou mul\u010dovacou plat\u0148ou<\/b>, ktor\u00e1 sadenicu na <b data-path-to-node=\"8\" data-index-in-node=\"554\">Poles\u00ed \u010cerme\u013e<\/b> chr\u00e1ni aj pred konkuren\u010dnou burinou. S\u00fabe\u017ene v na\u0161ich \u0161k\u00f4lkach prebieha aj jarn\u00fd <b data-path-to-node=\"8\" data-index-in-node=\"649\">v\u00fdsev novej gener\u00e1cie<\/b> lesn\u00fdch drev\u00edn.<\/p>\n<h2 data-path-to-node=\"9\"><span style=\"color: #800000;\">Ak\u00e1 je druhov\u00e1 skladba novej v\u00fdsadby v ko\u0161ickom regi\u00f3ne?<\/span><\/h2>\n<p data-path-to-node=\"10\">Pri procese jarn\u00e9ho zales\u0148ovania hr\u00e1 hlavn\u00fa \u00falohu <b data-path-to-node=\"10\" data-index-in-node=\"50\">buk<\/b>, ktor\u00fd v druhovej skladbe predstavuje pribli\u017ene <b data-path-to-node=\"10\" data-index-in-node=\"102\">35 %<\/b> z celkov\u00e9ho po\u010dtu vys\u00e1dzan\u00fdch strom\u010dekov. V\u00fdznamn\u00e9 zast\u00fapenie m\u00e1 aj <b data-path-to-node=\"10\" data-index-in-node=\"175\">dub<\/b> s podielom <b data-path-to-node=\"10\" data-index-in-node=\"190\">30 %<\/b>, pri\u010dom zvy\u0161n\u00fa \u010das\u0165 tvoria <b data-path-to-node=\"10\" data-index-in-node=\"222\">smrekovce, borovice<\/b> a \u010fal\u0161ie d\u00f4le\u017eit\u00e9 dreviny. Pl\u00e1novan\u00e9 zlo\u017eenie t\u00fdchto drev\u00edn je v pr\u00edsnom s\u00falade s <b data-path-to-node=\"10\" data-index-in-node=\"324\">cie\u013eovou \u0161trukt\u00farou porastov<\/b>, ktor\u00fa definuj\u00fa schv\u00e1len\u00e9 <b data-path-to-node=\"10\" data-index-in-node=\"379\">programy starostlivosti o les<\/b>.<\/p>\n<h2 data-path-to-node=\"11\"><span style=\"color: #800000;\">Ak\u00e9 v\u00fdchovn\u00e9 z\u00e1sahy zabezpe\u010duj\u00fa zdrav\u00fd rast mlad\u00e9ho lesa?<\/span><\/h2>\n<p data-path-to-node=\"12\">S\u00fa\u010dasne s v\u00fdsadbou prebiehaj\u00fa v mlad\u00fdch lesn\u00fdch porastoch aj kriticky d\u00f4le\u017eit\u00e9 <b data-path-to-node=\"12\" data-index-in-node=\"79\">v\u00fdchovn\u00e9 z\u00e1sahy<\/b>, zn\u00e1me ako <b data-path-to-node=\"12\" data-index-in-node=\"106\">pre\u010distky<\/b>. T\u00fdmito odborn\u00fdmi \u00fakonmi sa za\u010d\u00edna cielene formova\u0165 <b data-path-to-node=\"12\" data-index-in-node=\"168\">hustota, \u0161trukt\u00fara<\/b> a optim\u00e1lne <b data-path-to-node=\"12\" data-index-in-node=\"199\">drevinov\u00e9 zlo\u017eenie<\/b> bud\u00facich ko\u0161ick\u00fdch lesov. V aktu\u00e1lnom roku 2026 je t\u00e1to nevyhnutn\u00e1 v\u00fdchovn\u00e1 starostlivos\u0165 napl\u00e1novan\u00e1 na \u00factyhodnej v\u00fdmere <b data-path-to-node=\"12\" data-index-in-node=\"341\">439 hekt\u00e1rov<\/b>.<\/p>\n<h2 data-path-to-node=\"13\"><span style=\"color: #800000;\">Ako technol\u00f3gia v Lesnej \u0161k\u00f4lke Bujanov zvy\u0161uje \u0161ancu saden\u00edc na pre\u017eitie?<\/span><\/h2>\n<p data-path-to-node=\"14\">Dostupn\u00e1 vizu\u00e1lna dokument\u00e1cia detailne zachyt\u00e1va pr\u00e1cu v <b data-path-to-node=\"14\" data-index-in-node=\"58\">Lesnej \u0161k\u00f4lke Bujanov<\/b> pri vyor\u00e1van\u00ed a vyzdvihovan\u00ed saden\u00edc pre zales\u0148ovanie. K\u013e\u00fa\u010dov\u00fdm procesom je odborn\u00e9 <b data-path-to-node=\"14\" data-index-in-node=\"164\">podrez\u00e1vanie kore\u0148ov<\/b>, ktor\u00fdm obmedzujeme rast dlh\u00e9ho kolov\u00e9ho kore\u0148a a cielene podporujeme tvorbu hust\u00e9ho, <b data-path-to-node=\"14\" data-index-in-node=\"271\">vl\u00e1knit\u00e9ho kore\u0148ov\u00e9ho syst\u00e9mu<\/b>. V\u010faka tomuto postupu z\u00edskaj\u00fa sadenice <b data-path-to-node=\"14\" data-index-in-node=\"340\">kompaktn\u00fd kore\u0148ov\u00fd bal<\/b>, \u010do im po prenesen\u00ed na trval\u00e9 miesto umo\u017e\u0148uje <b data-path-to-node=\"14\" data-index-in-node=\"409\">r\u00fdchlej\u0161ie zakorenenie<\/b> a efekt\u00edvnej\u0161ie prij\u00edmanie vody i potrebn\u00fdch \u017eiv\u00edn z p\u00f4dy.<\/p>\n<h2 data-path-to-node=\"16\"><span style=\"color: #800000;\">Zelen\u00e1 o\u00e1za pre gener\u00e1cie: Pre\u010do na zdravom lese z\u00e1le\u017e\u00ed?<\/span><\/h2>\n<p data-path-to-node=\"17\"><em>Pr\u00e1ca, ktor\u00fa dnes vykon\u00e1vaj\u00fa <b data-path-to-node=\"17\" data-index-in-node=\"29\">Mestsk\u00e9 lesy Ko\u0161ice<\/b>, je invest\u00edciou do \u010dist\u00e9ho vzduchu a relaxu pre v\u00e1s aj va\u0161e deti. Ka\u017ed\u00fd vysaden\u00fd strom zvy\u0161uje schopnos\u0165 krajiny zadr\u017eiava\u0165 vodu, \u010d\u00edm n\u00e1s prirodzene chr\u00e1ni pred klimatick\u00fdmi extr\u00e9mami. Na\u0161e lesy nie s\u00fa len zdrojom dreva, ale \u017eiv\u00fdm ekosyst\u00e9mom, ktor\u00fd v\u010faka prec\u00edznej <b data-path-to-node=\"17\" data-index-in-node=\"315\">v\u00fdchovnej starostlivosti<\/b> zost\u00e1va stabiln\u00fd a bezpe\u010dn\u00fd pre turistiku. Podpora prirodzen\u00e9ho zmladenia nad celoslovensk\u00fd priemer zaru\u010duje, \u017ee ko\u0161ick\u00e1 pr\u00edroda si zachov\u00e1va svoj autentick\u00fd a divok\u00fd charakter. Poz\u00fdvame v\u00e1s sledova\u0165 tento fascinuj\u00faci proces obnovy priamo na va\u0161ich ob\u013e\u00faben\u00fdch turistick\u00fdch tras\u00e1ch v okol\u00ed Ko\u0161\u00edc.<\/em><\/p>\n<p data-path-to-node=\"17\">Viac info: <a href=\"https:\/\/www.meleskosice.sk\/\" target=\"_blank\" rel=\"noopener\">https:\/\/www.meleskosice.sk\/<\/a><\/p>\n<hr \/>\n<p data-path-to-node=\"17\">\n<p><iframe loading=\"lazy\" src=\"https:\/\/www.facebook.com\/plugins\/post.php?href=https%3A%2F%2Fwww.facebook.com%2Fmestskelesykosice%2Fposts%2Fpfbid0EQ86DvGXvG9DWwABzXSbXqzHqydFvoFJHfUqQR2ifGeN5CbMtwdXRaF4vX5ePmY8l&#038;show_text=true&#038;width=500\" width=\"500\" height=\"250\" style=\"border:none;overflow:hidden\" scrolling=\"no\" frameborder=\"0\" allowfullscreen=\"true\" allow=\"autoplay; clipboard-write; encrypted-media; picture-in-picture; web-share\"><\/iframe><\/p>\n","protected":false},"excerpt":{"rendered":"<p>Pre\u010do s\u00fa Mestsk\u00e9 lesy Ko\u0161ice po\u010das jari 2026 centrom najd\u00f4le\u017eitej\u0161\u00edch pr\u00e1c? Pr\u00e1ve teraz, ke\u010f sa pr\u00edroda preb\u00fadza, za\u017e\u00edvaj\u00fa Mestsk\u00e9 lesy Ko\u0161ice svoje najru\u0161nej\u0161ie obdobie v roku. Jar je pre pestovate\u013eov [&hellip;]<\/p>\n","protected":false},"author":1,"featured_media":38729,"comment_status":"closed","ping_status":"closed","sticky":false,"template":"","format":"standard","meta":{"_uag_custom_page_level_css":"","_monsterinsights_skip_tracking":false,"_monsterinsights_sitenote_active":false,"_monsterinsights_sitenote_note":"","_monsterinsights_sitenote_category":0,"footnotes":""},"categories":[1,677,688],"tags":[],"class_list":["post-75076","post","type-post","status-publish","format-standard","has-post-thumbnail","hentry","category-aktuality","category-kosice","category-lesy"],"jetpack_featured_media_url":"https:\/\/www.keturist.sk\/info\/wp-content\/uploads\/2021\/02\/mele-lesy-kosice.jpg","featured_image_src":"https:\/\/www.keturist.sk\/info\/wp-content\/uploads\/2021\/02\/mele-lesy-kosice.jpg","featured_image_src_square":"https:\/\/www.keturist.sk\/info\/wp-content\/uploads\/2021\/02\/mele-lesy-kosice.jpg","author_info":{"display_name":"admin","author_link":"https:\/\/www.keturist.sk\/info\/author\/admin\/"},"rbea_author_info":{"display_name":"admin","author_link":"https:\/\/www.keturist.sk\/info\/author\/admin\/"},"rbea_excerpt_info":"Pre\u010do s\u00fa Mestsk\u00e9 lesy Ko\u0161ice po\u010das jari 2026 centrom najd\u00f4le\u017eitej\u0161\u00edch pr\u00e1c? Pr\u00e1ve teraz, ke\u010f sa pr\u00edroda preb\u00fadza, za\u017e\u00edvaj\u00fa Mestsk\u00e9 lesy Ko\u0161ice svoje najru\u0161nej\u0161ie obdobie v roku. Jar je pre pestovate\u013eov [&hellip;]","category_list":"<a href=\"https:\/\/www.keturist.sk\/info\/category\/aktuality\/\" rel=\"category tag\">01 Aktuality (v\u0161etky)<\/a>, <a href=\"https:\/\/www.keturist.sk\/info\/category\/regiony\/kosice\/\" rel=\"category tag\">Ko\u0161ice<\/a>, <a href=\"https:\/\/www.keturist.sk\/info\/category\/lesy\/\" rel=\"category tag\">Lesy<\/a>","comments_num":"0 comments","uagb_featured_image_src":{"full":["https:\/\/www.keturist.sk\/info\/wp-content\/uploads\/2021\/02\/mele-lesy-kosice.jpg",900,900,false],"thumbnail":["https:\/\/www.keturist.sk\/info\/wp-content\/uploads\/2021\/02\/mele-lesy-kosice-180x180.jpg",180,180,true],"medium":["https:\/\/www.keturist.sk\/info\/wp-content\/uploads\/2021\/02\/mele-lesy-kosice-600x600.jpg",600,600,true],"medium_large":["https:\/\/www.keturist.sk\/info\/wp-content\/uploads\/2021\/02\/mele-lesy-kosice-768x768.jpg",768,768,true],"large":["https:\/\/www.keturist.sk\/info\/wp-content\/uploads\/2021\/02\/mele-lesy-kosice.jpg",900,900,false],"1536x1536":["https:\/\/www.keturist.sk\/info\/wp-content\/uploads\/2021\/02\/mele-lesy-kosice.jpg",900,900,false],"2048x2048":["https:\/\/www.keturist.sk\/info\/wp-content\/uploads\/2021\/02\/mele-lesy-kosice.jpg",900,900,false]},"uagb_author_info":{"display_name":"admin","author_link":"https:\/\/www.keturist.sk\/info\/author\/admin\/"},"uagb_comment_info":0,"uagb_excerpt":"Pre\u010do s\u00fa Mestsk\u00e9 lesy Ko\u0161ice po\u010das jari 2026 centrom najd\u00f4le\u017eitej\u0161\u00edch pr\u00e1c? Pr\u00e1ve teraz, ke\u010f sa pr\u00edroda preb\u00fadza, za\u017e\u00edvaj\u00fa Mestsk\u00e9 lesy Ko\u0161ice svoje najru\u0161nej\u0161ie obdobie v roku. Jar je pre pestovate\u013eov [&hellip;]","_links":{"self":[{"href":"https:\/\/www.keturist.sk\/info\/wp-json\/wp\/v2\/posts\/75076","targetHints":{"allow":["GET"]}}],"collection":[{"href":"https:\/\/www.keturist.sk\/info\/wp-json\/wp\/v2\/posts"}],"about":[{"href":"https:\/\/www.keturist.sk\/info\/wp-json\/wp\/v2\/types\/post"}],"author":[{"embeddable":true,"href":"https:\/\/www.keturist.sk\/info\/wp-json\/wp\/v2\/users\/1"}],"replies":[{"embeddable":true,"href":"https:\/\/www.keturist.sk\/info\/wp-json\/wp\/v2\/comments?post=75076"}],"version-history":[{"count":2,"href":"https:\/\/www.keturist.sk\/info\/wp-json\/wp\/v2\/posts\/75076\/revisions"}],"predecessor-version":[{"id":75078,"href":"https:\/\/www.keturist.sk\/info\/wp-json\/wp\/v2\/posts\/75076\/revisions\/75078"}],"wp:featuredmedia":[{"embeddable":true,"href":"https:\/\/www.keturist.sk\/info\/wp-json\/wp\/v2\/media\/38729"}],"wp:attachment":[{"href":"https:\/\/www.keturist.sk\/info\/wp-json\/wp\/v2\/media?parent=75076"}],"wp:term":[{"taxonomy":"category","embeddable":true,"href":"https:\/\/www.keturist.sk\/info\/wp-json\/wp\/v2\/categories?post=75076"},{"taxonomy":"post_tag","embeddable":true,"href":"https:\/\/www.keturist.sk\/info\/wp-json\/wp\/v2\/tags?post=75076"}],"curies":[{"name":"wp","href":"https:\/\/api.w.org\/{rel}","templated":true}]}}