{"id":71838,"date":"2025-12-04T06:40:26","date_gmt":"2025-12-04T05:40:26","guid":{"rendered":"https:\/\/www.keturist.sk\/info\/?p=71838"},"modified":"2025-12-04T13:07:46","modified_gmt":"2025-12-04T12:07:46","slug":"vychodoslovenske-muzeum-v-kosiciach-a-predsa-sa-toci","status":"publish","type":"post","link":"https:\/\/www.keturist.sk\/info\/vychodoslovenske-muzeum-v-kosiciach-a-predsa-sa-toci\/","title":{"rendered":"V\u00fdchodoslovensk\u00e9 m\u00fazeum v Ko\u0161iciach : A PREDSA SA TO\u010c\u00cd"},"content":{"rendered":"<h2 dir=\"auto\"><span style=\"color: #800000;\">600 rokov pozdi\u0161ovskej keramiky vo V\u00fdchodoslovenskom m\u00fazeu v Ko\u0161iciach \u2013 \u010do v\u0161etko tu za\u017eijete?<\/span><\/h2>\n<p dir=\"auto\"><strong>A PREDSA SA TO\u010c\u00cd<\/strong> \u2013 takto sa vol\u00e1 nov\u00e1 unik\u00e1tna v\u00fdstava, ktor\u00e1 od 12. decembra 2025 l\u00e1ka do <strong>V\u00fdchodoslovensk\u00e9ho m\u00fazea v Ko\u0161iciach<\/strong> v\u0161etk\u00fdch milovn\u00edkov hist\u00f3rie, remesiel a kr\u00e1snej keramiky.<\/p>\n<h2 dir=\"auto\"><span style=\"color: #800000;\">Kde presne v\u00fdstavu A PREDSA SA TO\u010c\u00cd n\u00e1jdem v Ko\u0161iciach? <\/span><\/h2>\n<p dir=\"auto\">V\u00fdstavu <strong>A PREDSA SA TO\u010c\u00cd \u2013 viac ako 600 rokov pozdi\u0161ovskej keramiky<\/strong> n\u00e1jdete v Historickej \u00fa\u010delovej budove <strong>V\u00fdchodoslovensk\u00e9ho m\u00fazea v Ko\u0161iciach<\/strong> na N\u00e1mest\u00ed Marat\u00f3nu mieru.<\/p>\n<h2 dir=\"auto\"><span style=\"color: #800000;\">Kedy sa v\u00fdstava A PREDSA SA TO\u010c\u00cd za\u010d\u00edna a ako dlho potrv\u00e1? <\/span><\/h2>\n<p dir=\"auto\">Vernis\u00e1\u017e prebehne 12. decembra 2025 o 16:00 a v\u00fdstava bude pr\u00edstupn\u00e1 a\u017e do 31. augusta 2026.<\/p>\n<h2 dir=\"auto\"><span style=\"color: #800000;\">Je pozdi\u0161ovsk\u00e1 keramika naozaj star\u0161ia ako 600 rokov? <\/span><\/h2>\n<p dir=\"auto\">\u00c1no! <strong>Vedeli ste, \u017ee prv\u00e1 zmienka o hrn\u010diarstve z pozdi\u0161ovsk\u00e9ho panstva poch\u00e1dza u\u017e z roku 1416?<\/strong> <strong>Zempl\u00ednske hrn\u010diarstvo<\/strong> je tak dnes vy\u0161e <strong>600-ro\u010dn\u00fd fenom\u00e9n<\/strong>, ktor\u00fd sa sformoval vo vidieckom prostred\u00ed a postupne prenikol do mestsk\u00e9ho sveta remeseln\u00fdch cechov.<\/p>\n<h2 dir=\"auto\"><span style=\"color: #800000;\">\u010co v\u0161etko na v\u00fdstave A PREDSA SA TO\u010c\u00cd uvid\u00edm? <\/span><\/h2>\n<p dir=\"auto\">V\u00fdstava predstavuje v\u00fdvoj <strong>pozdi\u0161ovskej keramiky<\/strong> od stredoveku a\u017e po s\u00fa\u010dasnos\u0165 \u2013 od jednoduch\u00fdch vidieckych hrncov cez cechov\u00e9 majstrovsk\u00e9 diela a\u017e po modern\u00e9 umeleck\u00e9 objekty. N\u00e1v\u0161tevn\u00edci spoznaj\u00fa techniky, dekor\u00e1cie aj pr\u00edbehy gener\u00e1ci\u00ed hrn\u010diarov z oblasti Zempl\u00edna.<\/p>\n<h2 dir=\"auto\"><span style=\"color: #800000;\">Kto je autorkou v\u00fdstavy A PREDSA SA TO\u010c\u00cd? <\/span><\/h2>\n<p dir=\"auto\">Autorkou koncepcie a kur\u00e1torkou v\u00fdstavy je Mgr. \u013dudmila Mitrov\u00e1.<\/p>\n<h2 dir=\"auto\"><span style=\"color: #800000;\">Kto v\u00fdstavu podporil? <\/span><\/h2>\n<p dir=\"auto\"><strong>Projekt z verejn\u00fdch zdrojov podporil Fond na podporu umenia<\/strong> a spolufinancuje <strong>Ko\u0161ick\u00fd samospr\u00e1vny kraj<\/strong>.<\/p>\n<h2 dir=\"auto\"><span style=\"color: #800000;\">Stoj\u00ed za to nav\u0161t\u00edvi\u0165 V\u00fdchodoslovensk\u00e9 m\u00fazeum v Ko\u0161iciach pr\u00e1ve teraz? <\/span><\/h2>\n<p dir=\"auto\">Ur\u010dite \u00e1no! V\u00fdstava <strong>A PREDSA SA TO\u010c\u00cd<\/strong> je jedine\u010dnou pr\u00edle\u017eitos\u0165ou vidie\u0165 <strong>600 rokov \u017eivej trad\u00edcie pozdi\u0161ovskej keramiky<\/strong> na jednom mieste a objavi\u0165, pre\u010do sa hrn\u010diarsky kruh na v\u00fdchodnom Slovensku nikdy neprestal to\u010di\u0165.<\/p>\n<p dir=\"auto\">Viac info: <a href=\"https:\/\/www.vsmuzeum.sk\/\" target=\"_blank\" rel=\"noopener\">https:\/\/www.vsmuzeum.sk\/<\/a><\/p>\n<hr \/>\n<p dir=\"auto\"><a href=\"https:\/\/www.keturist.sk\/info\/wp-content\/uploads\/2025\/12\/toci.jpg\"><img loading=\"lazy\" decoding=\"async\" class=\"aligncenter wp-image-71840\" src=\"https:\/\/www.keturist.sk\/info\/wp-content\/uploads\/2025\/12\/toci-480x600.jpg\" alt=\"V\u00fdchodoslovensk\u00e9 m\u00fazeum v Ko\u0161iciach\" width=\"900\" height=\"1125\" srcset=\"https:\/\/www.keturist.sk\/info\/wp-content\/uploads\/2025\/12\/toci-480x600.jpg 480w, https:\/\/www.keturist.sk\/info\/wp-content\/uploads\/2025\/12\/toci-144x180.jpg 144w, https:\/\/www.keturist.sk\/info\/wp-content\/uploads\/2025\/12\/toci-768x960.jpg 768w, https:\/\/www.keturist.sk\/info\/wp-content\/uploads\/2025\/12\/toci.jpg 1080w\" sizes=\"auto, (max-width: 900px) 100vw, 900px\" \/><\/a><\/p>\n<p dir=\"auto\">\n","protected":false},"excerpt":{"rendered":"<p>600 rokov pozdi\u0161ovskej keramiky vo V\u00fdchodoslovenskom m\u00fazeu v Ko\u0161iciach \u2013 \u010do v\u0161etko tu za\u017eijete? A PREDSA SA TO\u010c\u00cd \u2013 takto sa vol\u00e1 nov\u00e1 unik\u00e1tna v\u00fdstava, ktor\u00e1 od 12. decembra 2025 [&hellip;]<\/p>\n","protected":false},"author":1,"featured_media":71840,"comment_status":"closed","ping_status":"closed","sticky":false,"template":"","format":"standard","meta":{"_uag_custom_page_level_css":"","_monsterinsights_skip_tracking":false,"_monsterinsights_sitenote_active":false,"_monsterinsights_sitenote_note":"","_monsterinsights_sitenote_category":0,"footnotes":""},"categories":[1,677,686,675],"tags":[],"class_list":["post-71838","post","type-post","status-publish","format-standard","has-post-thumbnail","hentry","category-aktuality","category-kosice","category-muzea-a-galerie","category-vernisaze"],"jetpack_featured_media_url":"https:\/\/www.keturist.sk\/info\/wp-content\/uploads\/2025\/12\/toci.jpg","featured_image_src":"https:\/\/www.keturist.sk\/info\/wp-content\/uploads\/2025\/12\/toci.jpg","featured_image_src_square":"https:\/\/www.keturist.sk\/info\/wp-content\/uploads\/2025\/12\/toci.jpg","author_info":{"display_name":"admin","author_link":"https:\/\/www.keturist.sk\/info\/author\/admin\/"},"rbea_author_info":{"display_name":"admin","author_link":"https:\/\/www.keturist.sk\/info\/author\/admin\/"},"rbea_excerpt_info":"600 rokov pozdi\u0161ovskej keramiky vo V\u00fdchodoslovenskom m\u00fazeu v Ko\u0161iciach \u2013 \u010do v\u0161etko tu za\u017eijete? A PREDSA SA TO\u010c\u00cd \u2013 takto sa vol\u00e1 nov\u00e1 unik\u00e1tna v\u00fdstava, ktor\u00e1 od 12. decembra 2025 [&hellip;]","category_list":"<a href=\"https:\/\/www.keturist.sk\/info\/category\/aktuality\/\" rel=\"category tag\">01 Aktuality (v\u0161etky)<\/a>, <a href=\"https:\/\/www.keturist.sk\/info\/category\/regiony\/kosice\/\" rel=\"category tag\">Ko\u0161ice<\/a>, <a href=\"https:\/\/www.keturist.sk\/info\/category\/muzea-a-galerie\/\" rel=\"category tag\">M\u00faze\u00e1 a gal\u00e9rie<\/a>, <a href=\"https:\/\/www.keturist.sk\/info\/category\/vernisaze\/\" rel=\"category tag\">Vernis\u00e1\u017ee<\/a>","comments_num":"0 comments","uagb_featured_image_src":{"full":["https:\/\/www.keturist.sk\/info\/wp-content\/uploads\/2025\/12\/toci.jpg",1080,1350,false],"thumbnail":["https:\/\/www.keturist.sk\/info\/wp-content\/uploads\/2025\/12\/toci-144x180.jpg",144,180,true],"medium":["https:\/\/www.keturist.sk\/info\/wp-content\/uploads\/2025\/12\/toci-480x600.jpg",480,600,true],"medium_large":["https:\/\/www.keturist.sk\/info\/wp-content\/uploads\/2025\/12\/toci-768x960.jpg",768,960,true],"large":["https:\/\/www.keturist.sk\/info\/wp-content\/uploads\/2025\/12\/toci.jpg",1080,1350,false],"1536x1536":["https:\/\/www.keturist.sk\/info\/wp-content\/uploads\/2025\/12\/toci.jpg",1080,1350,false],"2048x2048":["https:\/\/www.keturist.sk\/info\/wp-content\/uploads\/2025\/12\/toci.jpg",1080,1350,false]},"uagb_author_info":{"display_name":"admin","author_link":"https:\/\/www.keturist.sk\/info\/author\/admin\/"},"uagb_comment_info":0,"uagb_excerpt":"600 rokov pozdi\u0161ovskej keramiky vo V\u00fdchodoslovenskom m\u00fazeu v Ko\u0161iciach \u2013 \u010do v\u0161etko tu za\u017eijete? A PREDSA SA TO\u010c\u00cd \u2013 takto sa vol\u00e1 nov\u00e1 unik\u00e1tna v\u00fdstava, ktor\u00e1 od 12. decembra 2025 [&hellip;]","_links":{"self":[{"href":"https:\/\/www.keturist.sk\/info\/wp-json\/wp\/v2\/posts\/71838","targetHints":{"allow":["GET"]}}],"collection":[{"href":"https:\/\/www.keturist.sk\/info\/wp-json\/wp\/v2\/posts"}],"about":[{"href":"https:\/\/www.keturist.sk\/info\/wp-json\/wp\/v2\/types\/post"}],"author":[{"embeddable":true,"href":"https:\/\/www.keturist.sk\/info\/wp-json\/wp\/v2\/users\/1"}],"replies":[{"embeddable":true,"href":"https:\/\/www.keturist.sk\/info\/wp-json\/wp\/v2\/comments?post=71838"}],"version-history":[{"count":3,"href":"https:\/\/www.keturist.sk\/info\/wp-json\/wp\/v2\/posts\/71838\/revisions"}],"predecessor-version":[{"id":71850,"href":"https:\/\/www.keturist.sk\/info\/wp-json\/wp\/v2\/posts\/71838\/revisions\/71850"}],"wp:featuredmedia":[{"embeddable":true,"href":"https:\/\/www.keturist.sk\/info\/wp-json\/wp\/v2\/media\/71840"}],"wp:attachment":[{"href":"https:\/\/www.keturist.sk\/info\/wp-json\/wp\/v2\/media?parent=71838"}],"wp:term":[{"taxonomy":"category","embeddable":true,"href":"https:\/\/www.keturist.sk\/info\/wp-json\/wp\/v2\/categories?post=71838"},{"taxonomy":"post_tag","embeddable":true,"href":"https:\/\/www.keturist.sk\/info\/wp-json\/wp\/v2\/tags?post=71838"}],"curies":[{"name":"wp","href":"https:\/\/api.w.org\/{rel}","templated":true}]}}