{"id":70021,"date":"2025-07-12T06:27:10","date_gmt":"2025-07-12T04:27:10","guid":{"rendered":"https:\/\/www.keturist.sk\/info\/?p=70021"},"modified":"2025-07-12T06:27:10","modified_gmt":"2025-07-12T04:27:10","slug":"nova-cyklotrasa-jaklovce-velky-folkmar-otvorena-%f0%9f%9a%b4%e2%99%82%ef%b8%8f%f0%9f%8c%bf","status":"publish","type":"post","link":"https:\/\/www.keturist.sk\/info\/nova-cyklotrasa-jaklovce-velky-folkmar-otvorena-%f0%9f%9a%b4%e2%99%82%ef%b8%8f%f0%9f%8c%bf\/","title":{"rendered":"Nov\u00e1 cyklotrasa Jaklovce \u2013 Ve\u013ek\u00fd Folkmar otvoren\u00e1! &#x1f6b4;&#x200d;&#x2642;&#xfe0f;&#x1f33f;"},"content":{"rendered":"<p class=\"ds-markdown-paragraph\">Sl\u00e1vnostne otvoren\u00e1\u00a0<strong>nov\u00e1 cyklotrasa Jaklovce \u2013 Ve\u013ek\u00fd Folkmar<\/strong>\u00a0prin\u00e1\u0161a ekologick\u00fa dopravu a lep\u0161ie spojenie obc\u00ed. Projekt podporil udr\u017eate\u013en\u00fa mobilitu a region\u00e1lny turizmus. Pozrite si detaily!<\/p>\n<hr \/>\n<h2><span style=\"color: #800000;\"><strong>&#x1f6b2; Ofici\u00e1lne otvorenie novej cyklotrasy Jaklovce \u2013 Ve\u013ek\u00fd Folkmar<\/strong><\/span><\/h2>\n<p class=\"ds-markdown-paragraph\"><strong>Jaklovce, 4. j\u00fala 2025<\/strong>\u00a0\u2013 V piatok dopoludnia sa v obci Jaklovce uskuto\u010dnilo sl\u00e1vnostn\u00e9 otvorenie\u00a0<strong>novej cyklotrasy<\/strong>, ktor\u00e1 prep\u00e1ja Jaklovce so susedn\u00fdm Ve\u013ek\u00fdm Folkmarom. Projekt bol realizovan\u00fd v r\u00e1mci programu\u00a0<strong>\u201e\u00daprava existuj\u00facej komunik\u00e1cie na cyklokomunik\u00e1ciu\u201c<\/strong>\u00a0a v\u00fdrazne zlep\u0161uje dopravn\u00fa dostupnos\u0165 v regi\u00f3ne.<\/p>\n<blockquote>\n<p class=\"ds-markdown-paragraph\">\n<\/blockquote>\n<hr \/>\n<h2><span style=\"color: #800000;\"><strong>&#x1f4cc; K\u013e\u00fa\u010dov\u00e9 inform\u00e1cie o projekte<\/strong><\/span><\/h2>\n<p class=\"ds-markdown-paragraph\">&#x2705;\u00a0<strong>Trasa:<\/strong>\u00a0Jaklovce \u2013 Ve\u013ek\u00fd Folkmar<br \/>\n&#x2705;\u00a0<strong>Finan\u010dn\u00e1 podpora:<\/strong>\u00a0Ministerstvo invest\u00edci\u00ed, region\u00e1lneho rozvoja a informatiz\u00e1cie SR<br \/>\n&#x2705;\u00a0<strong>Cie\u013e:<\/strong>\u00a0Bezpe\u010dn\u00e1 a funk\u010dn\u00e1 cyklotrasa pre:<\/p>\n<ul>\n<li>\n<p class=\"ds-markdown-paragraph\"><strong>Miestnych obyvate\u013eov<\/strong>\u00a0(doch\u00e1dzanie do pr\u00e1ce\/\u0161koly)<\/p>\n<\/li>\n<li>\n<p class=\"ds-markdown-paragraph\"><strong>Rekrea\u010dn\u00fdch cyklistov<\/strong><\/p>\n<\/li>\n<li>\n<p class=\"ds-markdown-paragraph\"><strong>Turistov<\/strong><\/p>\n<\/li>\n<\/ul>\n<hr \/>\n<h2><span style=\"color: #800000;\"><strong>&#x2728; Ak\u00e9 v\u00fdhody prin\u00e1\u0161a nov\u00e1 cyklotrasa?<\/strong><\/span><\/h2>\n<p class=\"ds-markdown-paragraph\">&#x1f331;\u00a0<strong>Podpora udr\u017eate\u013enej dopravy<\/strong>\u00a0\u2013 menej \u00e1ut, viac bicyklov!<br \/>\n&#x1f6b4;\u00a0<strong>Bezpe\u010dnej\u0161ia cesta<\/strong>\u00a0pre cyklistov aj chodcov<br \/>\n&#x1f3de;&#xfe0f;\u00a0<strong>V\u00fdborn\u00fd turistick\u00fd potenci\u00e1l<\/strong>\u00a0\u2013 prep\u00e1ja dve obce v kr\u00e1snej pr\u00edrode<br \/>\n&#x1f4bc;\u00a0<strong>Lep\u0161ia dostupnos\u0165<\/strong>\u00a0pre pracuj\u00facich a \u0161tudentov<\/p>\n<hr \/>\n<h2><span style=\"color: #800000;\"><strong>&#x2139;&#xfe0f; Technick\u00e9 detaily<\/strong><\/span><\/h2>\n<p class=\"ds-markdown-paragraph\">&#x1f539;\u00a0<strong>Realiz\u00e1cia:<\/strong>\u00a0\u00daprava existuj\u00facej cesty na cyklotrasu<br \/>\n&#x1f539;\u00a0<strong>D\u013a\u017eka:\u00a0<\/strong><\/p>\n<hr \/>\n<p class=\"ds-markdown-paragraph\"><strong>Te\u0161\u00edme sa, \u017ee t\u00e1to nov\u00e1 infra\u0161trukt\u00fara posl\u00fa\u017ei nielen miestnym, ale aj n\u00e1v\u0161tevn\u00edkom regi\u00f3nu!<\/strong>\u00a0&#x1f60a;<\/p>\n<hr \/>\n<p class=\"ds-markdown-paragraph\"><strong>#Cyklotrasa #Jaklovce #Ve\u013ek\u00fdFolkmar #Udr\u017eate\u013en\u00e1Doprava #Ekologick\u00e1Mobilita #Region\u00e1lnyRozvoj #Slovensko<\/strong><\/p>\n<p>&nbsp;<\/p>\n<hr \/>\n<p><strong>Zdroj<\/strong>: <a href=\"https:\/\/www.velkyfolkmar.sk\/obec-2\/fotogaleria\/nova-cyklotrasa-v-jaklovciach-818sk.html\" target=\"_blank\" rel=\"noopener\">https:\/\/www.velkyfolkmar.sk\/obec-2\/fotogaleria\/nova-cyklotrasa-v-jaklovciach-818sk.html<\/a><\/p>\n<hr \/>\n<p><img loading=\"lazy\" decoding=\"async\" class=\"aligncenter wp-image-70022\" src=\"https:\/\/www.keturist.sk\/info\/wp-content\/uploads\/2025\/07\/cyklotarsa.jpg\" alt=\"cyklotrasa\" width=\"800\" height=\"534\" srcset=\"https:\/\/www.keturist.sk\/info\/wp-content\/uploads\/2025\/07\/cyklotarsa.jpg 640w, https:\/\/www.keturist.sk\/info\/wp-content\/uploads\/2025\/07\/cyklotarsa-270x180.jpg 270w\" sizes=\"auto, (max-width: 800px) 100vw, 800px\" \/><\/p>\n","protected":false},"excerpt":{"rendered":"<p>Sl\u00e1vnostne otvoren\u00e1\u00a0nov\u00e1 cyklotrasa Jaklovce \u2013 Ve\u013ek\u00fd Folkmar\u00a0prin\u00e1\u0161a ekologick\u00fa dopravu a lep\u0161ie spojenie obc\u00ed. Projekt podporil udr\u017eate\u013en\u00fa mobilitu a region\u00e1lny turizmus. Pozrite si detaily! &#x1f6b2; Ofici\u00e1lne otvorenie novej cyklotrasy Jaklovce \u2013 [&hellip;]<\/p>\n","protected":false},"author":1,"featured_media":70022,"comment_status":"closed","ping_status":"closed","sticky":false,"template":"","format":"standard","meta":{"_uag_custom_page_level_css":"","_monsterinsights_skip_tracking":false,"_monsterinsights_sitenote_active":false,"_monsterinsights_sitenote_note":"","_monsterinsights_sitenote_category":0,"footnotes":""},"categories":[1],"tags":[],"class_list":["post-70021","post","type-post","status-publish","format-standard","has-post-thumbnail","hentry","category-aktuality"],"jetpack_featured_media_url":"https:\/\/www.keturist.sk\/info\/wp-content\/uploads\/2025\/07\/cyklotarsa.jpg","featured_image_src":"https:\/\/www.keturist.sk\/info\/wp-content\/uploads\/2025\/07\/cyklotarsa.jpg","featured_image_src_square":"https:\/\/www.keturist.sk\/info\/wp-content\/uploads\/2025\/07\/cyklotarsa.jpg","author_info":{"display_name":"admin","author_link":"https:\/\/www.keturist.sk\/info\/author\/admin\/"},"rbea_author_info":{"display_name":"admin","author_link":"https:\/\/www.keturist.sk\/info\/author\/admin\/"},"rbea_excerpt_info":"Sl\u00e1vnostne otvoren\u00e1\u00a0nov\u00e1 cyklotrasa Jaklovce \u2013 Ve\u013ek\u00fd Folkmar\u00a0prin\u00e1\u0161a ekologick\u00fa dopravu a lep\u0161ie spojenie obc\u00ed. Projekt podporil udr\u017eate\u013en\u00fa mobilitu a region\u00e1lny turizmus. Pozrite si detaily! &#x1f6b2; Ofici\u00e1lne otvorenie novej cyklotrasy Jaklovce \u2013 [&hellip;]","category_list":"<a href=\"https:\/\/www.keturist.sk\/info\/category\/aktuality\/\" rel=\"category tag\">01 Aktuality (v\u0161etky)<\/a>","comments_num":"0 comments","uagb_featured_image_src":{"full":["https:\/\/www.keturist.sk\/info\/wp-content\/uploads\/2025\/07\/cyklotarsa.jpg",640,427,false],"thumbnail":["https:\/\/www.keturist.sk\/info\/wp-content\/uploads\/2025\/07\/cyklotarsa-270x180.jpg",270,180,true],"medium":["https:\/\/www.keturist.sk\/info\/wp-content\/uploads\/2025\/07\/cyklotarsa.jpg",640,427,false],"medium_large":["https:\/\/www.keturist.sk\/info\/wp-content\/uploads\/2025\/07\/cyklotarsa.jpg",640,427,false],"large":["https:\/\/www.keturist.sk\/info\/wp-content\/uploads\/2025\/07\/cyklotarsa.jpg",640,427,false],"1536x1536":["https:\/\/www.keturist.sk\/info\/wp-content\/uploads\/2025\/07\/cyklotarsa.jpg",640,427,false],"2048x2048":["https:\/\/www.keturist.sk\/info\/wp-content\/uploads\/2025\/07\/cyklotarsa.jpg",640,427,false]},"uagb_author_info":{"display_name":"admin","author_link":"https:\/\/www.keturist.sk\/info\/author\/admin\/"},"uagb_comment_info":0,"uagb_excerpt":"Sl\u00e1vnostne otvoren\u00e1\u00a0nov\u00e1 cyklotrasa Jaklovce \u2013 Ve\u013ek\u00fd Folkmar\u00a0prin\u00e1\u0161a ekologick\u00fa dopravu a lep\u0161ie spojenie obc\u00ed. Projekt podporil udr\u017eate\u013en\u00fa mobilitu a region\u00e1lny turizmus. Pozrite si detaily! &#x1f6b2; Ofici\u00e1lne otvorenie novej cyklotrasy Jaklovce \u2013 [&hellip;]","_links":{"self":[{"href":"https:\/\/www.keturist.sk\/info\/wp-json\/wp\/v2\/posts\/70021","targetHints":{"allow":["GET"]}}],"collection":[{"href":"https:\/\/www.keturist.sk\/info\/wp-json\/wp\/v2\/posts"}],"about":[{"href":"https:\/\/www.keturist.sk\/info\/wp-json\/wp\/v2\/types\/post"}],"author":[{"embeddable":true,"href":"https:\/\/www.keturist.sk\/info\/wp-json\/wp\/v2\/users\/1"}],"replies":[{"embeddable":true,"href":"https:\/\/www.keturist.sk\/info\/wp-json\/wp\/v2\/comments?post=70021"}],"version-history":[{"count":1,"href":"https:\/\/www.keturist.sk\/info\/wp-json\/wp\/v2\/posts\/70021\/revisions"}],"predecessor-version":[{"id":70023,"href":"https:\/\/www.keturist.sk\/info\/wp-json\/wp\/v2\/posts\/70021\/revisions\/70023"}],"wp:featuredmedia":[{"embeddable":true,"href":"https:\/\/www.keturist.sk\/info\/wp-json\/wp\/v2\/media\/70022"}],"wp:attachment":[{"href":"https:\/\/www.keturist.sk\/info\/wp-json\/wp\/v2\/media?parent=70021"}],"wp:term":[{"taxonomy":"category","embeddable":true,"href":"https:\/\/www.keturist.sk\/info\/wp-json\/wp\/v2\/categories?post=70021"},{"taxonomy":"post_tag","embeddable":true,"href":"https:\/\/www.keturist.sk\/info\/wp-json\/wp\/v2\/tags?post=70021"}],"curies":[{"name":"wp","href":"https:\/\/api.w.org\/{rel}","templated":true}]}}