{"id":60796,"date":"2026-04-30T18:42:30","date_gmt":"2026-04-30T16:42:30","guid":{"rendered":"https:\/\/www.keturist.sk\/info\/?p=60796"},"modified":"2026-04-30T19:05:10","modified_gmt":"2026-04-30T17:05:10","slug":"vychodoslovenske-muzeum-v-kosiciach-otvaracie-hodiny","status":"publish","type":"post","link":"https:\/\/www.keturist.sk\/info\/vychodoslovenske-muzeum-v-kosiciach-otvaracie-hodiny\/","title":{"rendered":"V\u00fdchodoslovensk\u00e9 m\u00fazeum &#8211; Otv\u00e1racie hodiny"},"content":{"rendered":"<div dir=\"auto\">\n<div class=\"x14z9mp xat24cr x1lziwak x1vvkbs xtlvy1s x126k92a\">\n<div dir=\"auto\"><strong><span class=\"html-span xexx8yu xyri2b x18d9i69 x1c1uobl x1hl2dhg x16tdsg8 x1vvkbs x3nfvp2 x1j61x8r x1fcty0u xdj266r xat24cr xm2jcoa x1mpyi22 xxymvpz xlup9mm x1kky2od\"><img loading=\"lazy\" decoding=\"async\" class=\"xz74otr x15mokao x1ga7v0g x16uus16 xbiv7yw\" src=\"https:\/\/static.xx.fbcdn.net\/images\/emoji.php\/v9\/tba\/1\/16\/1f4e3.png\" alt=\"&#x1f4e3;\" width=\"16\" height=\"16\" \/><\/span> Po\u010das nasleduj\u00facich \u0161t\u00e1tnych sviatkov (1.5. a 8.5.) bude na\u0161e m\u00fazeum pre v\u00e1s OTVOREN\u00c9 v \u0161tandardnom \u010dase <span class=\"html-span xexx8yu xyri2b x18d9i69 x1c1uobl x1hl2dhg x16tdsg8 x1vvkbs x3nfvp2 x1j61x8r x1fcty0u xdj266r xat24cr xm2jcoa x1mpyi22 xxymvpz xlup9mm x1kky2od\"><img loading=\"lazy\" decoding=\"async\" class=\"xz74otr x15mokao x1ga7v0g x16uus16 xbiv7yw\" src=\"https:\/\/static.xx.fbcdn.net\/images\/emoji.php\/v9\/tc\/1\/16\/1f449_1f3fb.png\" alt=\"&#x1f449;&#x1f3fb;\" width=\"16\" height=\"16\" \/><\/span> od 9:00 do 17:00.<\/strong><\/div>\n<\/div>\n<\/div>\n<h2 dir=\"auto\"><span style=\"color: #800000;\">Ak\u00e9 s\u00fa otv\u00e1racie hodiny V\u00fdchodoslovensk\u00e9ho m\u00fazea v Ko\u0161iciach v zimnom re\u017eime?<\/span><\/h2>\n<p dir=\"auto\"><strong>V\u00fdchodoslovensk\u00e9 m\u00fazeum v Ko\u0161iciach<\/strong> upozor\u0148uje na d\u00f4le\u017eit\u00fa zmenu <strong>otv\u00e1rac\u00edch hod\u00edn<\/strong> \u2013 od 1. novembra 2025 prech\u00e1dzame na <strong>zimn\u00fd re\u017eim<\/strong>, aby sme lep\u0161ie prisp\u00f4sobili prev\u00e1dzku sez\u00f3nnym podmienkam a zabezpe\u010dili pr\u00edjemn\u00fa n\u00e1v\u0161tevu pre v\u0161etk\u00fdch turistov a milovn\u00edkov hist\u00f3rie v\u00fdchodn\u00e9ho Slovenska.<\/p>\n<h2 dir=\"auto\"><span style=\"color: #800000;\">Kedy je V\u00fdchodoslovensk\u00e9 m\u00fazeum v Ko\u0161iciach otvoren\u00e9 po\u010das zimn\u00e9ho obdobia?<\/span><\/h2>\n<h3 dir=\"auto\"><span style=\"color: #808000;\">Rozvrh <strong>otv\u00e1rac\u00edch hod\u00edn<\/strong> od 1. 11. 2025:<\/span><\/h3>\n<ul dir=\"auto\">\n<li>Utorok \u2013 Sobota: 9:00 \u2013 17:00<\/li>\n<li>Nede\u013ea a Pondelok: ZATVOREN\u00c9<\/li>\n<\/ul>\n<p dir=\"auto\">\u010eakujeme za pochopenie a srde\u010dne sa te\u0161\u00edme na va\u0161u <strong>n\u00e1v\u0161tevu<\/strong> v <strong>V\u00fdchodoslovenskom m\u00fazeu v Ko\u0161iciach<\/strong>, kde na v\u00e1s \u010dakaj\u00fa unik\u00e1tne expoz\u00edcie pln\u00e9 pokladov hist\u00f3rie, umenia a pr\u00edrody.<\/p>\n<h2 dir=\"auto\"><span style=\"color: #800000;\">Kontakt:<\/span><\/h2>\n<p dir=\"auto\">N\u00e1mestie Marat\u00f3nu mieru \u010d. 2<br \/>\n040 01 Ko\u0161ice<\/p>\n<p dir=\"auto\"><strong>Web:<\/strong> <a href=\"https:\/\/www.vsmuzeum.sk\/\" target=\"_blank\" rel=\"noopener\">https:\/\/www.vsmuzeum.sk\/<\/a><\/p>\n<p dir=\"auto\"><img loading=\"lazy\" decoding=\"async\" class=\"aligncenter wp-image-72242\" src=\"https:\/\/www.keturist.sk\/info\/wp-content\/uploads\/2025\/12\/vsm-zima-480x600.jpg\" alt=\"\" width=\"900\" height=\"1125\" srcset=\"https:\/\/www.keturist.sk\/info\/wp-content\/uploads\/2025\/12\/vsm-zima-480x600.jpg 480w, https:\/\/www.keturist.sk\/info\/wp-content\/uploads\/2025\/12\/vsm-zima-144x180.jpg 144w, https:\/\/www.keturist.sk\/info\/wp-content\/uploads\/2025\/12\/vsm-zima-768x960.jpg 768w, https:\/\/www.keturist.sk\/info\/wp-content\/uploads\/2025\/12\/vsm-zima.jpg 1080w\" sizes=\"auto, (max-width: 900px) 100vw, 900px\" \/><\/p>\n<p>&nbsp;<\/p>\n<figure id=\"attachment_64428\" aria-describedby=\"caption-attachment-64428\" style=\"width: 900px\" class=\"wp-caption aligncenter\"><a href=\"https:\/\/www.keturist.sk\/info\/wp-content\/uploads\/2024\/01\/vsm.jpg\"><img loading=\"lazy\" decoding=\"async\" class=\"wp-image-64428\" src=\"https:\/\/www.keturist.sk\/info\/wp-content\/uploads\/2024\/01\/vsm.jpg\" alt=\"V\u00fdchodoslovensk\u00e9 m\u00fazeum\" width=\"900\" height=\"600\" srcset=\"https:\/\/www.keturist.sk\/info\/wp-content\/uploads\/2024\/01\/vsm.jpg 1440w, https:\/\/www.keturist.sk\/info\/wp-content\/uploads\/2024\/01\/vsm-800x533.jpg 800w, https:\/\/www.keturist.sk\/info\/wp-content\/uploads\/2024\/01\/vsm-270x180.jpg 270w, https:\/\/www.keturist.sk\/info\/wp-content\/uploads\/2024\/01\/vsm-768x512.jpg 768w\" sizes=\"auto, (max-width: 900px) 100vw, 900px\" \/><\/a><figcaption id=\"caption-attachment-64428\" class=\"wp-caption-text\">V\u00fdchodoslovensk\u00e9 m\u00fazeum<\/figcaption><\/figure>\n<p>&nbsp;<\/p>\n","protected":false},"excerpt":{"rendered":"<p>Po\u010das nasleduj\u00facich \u0161t\u00e1tnych sviatkov (1.5. a 8.5.) bude na\u0161e m\u00fazeum pre v\u00e1s OTVOREN\u00c9 v \u0161tandardnom \u010dase od 9:00 do 17:00. Ak\u00e9 s\u00fa otv\u00e1racie hodiny V\u00fdchodoslovensk\u00e9ho m\u00fazea v Ko\u0161iciach v zimnom [&hellip;]<\/p>\n","protected":false},"author":1,"featured_media":64428,"comment_status":"closed","ping_status":"closed","sticky":false,"template":"","format":"standard","meta":{"_uag_custom_page_level_css":"","_monsterinsights_skip_tracking":false,"_monsterinsights_sitenote_active":false,"_monsterinsights_sitenote_note":"","_monsterinsights_sitenote_category":0,"footnotes":""},"categories":[1,677,686,518],"tags":[],"class_list":["post-60796","post","type-post","status-publish","format-standard","has-post-thumbnail","hentry","category-aktuality","category-kosice","category-muzea-a-galerie","category-otvaracie-hodiny"],"jetpack_featured_media_url":"https:\/\/www.keturist.sk\/info\/wp-content\/uploads\/2024\/01\/vsm.jpg","featured_image_src":"https:\/\/www.keturist.sk\/info\/wp-content\/uploads\/2024\/01\/vsm.jpg","featured_image_src_square":"https:\/\/www.keturist.sk\/info\/wp-content\/uploads\/2024\/01\/vsm.jpg","author_info":{"display_name":"admin","author_link":"https:\/\/www.keturist.sk\/info\/author\/admin\/"},"rbea_author_info":{"display_name":"admin","author_link":"https:\/\/www.keturist.sk\/info\/author\/admin\/"},"rbea_excerpt_info":"Po\u010das nasleduj\u00facich \u0161t\u00e1tnych sviatkov (1.5. a 8.5.) bude na\u0161e m\u00fazeum pre v\u00e1s OTVOREN\u00c9 v \u0161tandardnom \u010dase od 9:00 do 17:00. Ak\u00e9 s\u00fa otv\u00e1racie hodiny V\u00fdchodoslovensk\u00e9ho m\u00fazea v Ko\u0161iciach v zimnom [&hellip;]","category_list":"<a href=\"https:\/\/www.keturist.sk\/info\/category\/aktuality\/\" rel=\"category tag\">01 Aktuality (v\u0161etky)<\/a>, <a href=\"https:\/\/www.keturist.sk\/info\/category\/regiony\/kosice\/\" rel=\"category tag\">Ko\u0161ice<\/a>, <a href=\"https:\/\/www.keturist.sk\/info\/category\/muzea-a-galerie\/\" rel=\"category tag\">M\u00faze\u00e1 a gal\u00e9rie<\/a>, <a href=\"https:\/\/www.keturist.sk\/info\/category\/otvaracie-hodiny\/\" rel=\"category tag\">Otv\u00e1racie hodiny<\/a>","comments_num":"0 comments","uagb_featured_image_src":{"full":["https:\/\/www.keturist.sk\/info\/wp-content\/uploads\/2024\/01\/vsm.jpg",1440,960,false],"thumbnail":["https:\/\/www.keturist.sk\/info\/wp-content\/uploads\/2024\/01\/vsm-270x180.jpg",270,180,true],"medium":["https:\/\/www.keturist.sk\/info\/wp-content\/uploads\/2024\/01\/vsm-800x533.jpg",800,533,true],"medium_large":["https:\/\/www.keturist.sk\/info\/wp-content\/uploads\/2024\/01\/vsm-768x512.jpg",768,512,true],"large":["https:\/\/www.keturist.sk\/info\/wp-content\/uploads\/2024\/01\/vsm.jpg",1440,960,false],"1536x1536":["https:\/\/www.keturist.sk\/info\/wp-content\/uploads\/2024\/01\/vsm.jpg",1440,960,false],"2048x2048":["https:\/\/www.keturist.sk\/info\/wp-content\/uploads\/2024\/01\/vsm.jpg",1440,960,false]},"uagb_author_info":{"display_name":"admin","author_link":"https:\/\/www.keturist.sk\/info\/author\/admin\/"},"uagb_comment_info":0,"uagb_excerpt":"Po\u010das nasleduj\u00facich \u0161t\u00e1tnych sviatkov (1.5. a 8.5.) bude na\u0161e m\u00fazeum pre v\u00e1s OTVOREN\u00c9 v \u0161tandardnom \u010dase od 9:00 do 17:00. Ak\u00e9 s\u00fa otv\u00e1racie hodiny V\u00fdchodoslovensk\u00e9ho m\u00fazea v Ko\u0161iciach v zimnom [&hellip;]","_links":{"self":[{"href":"https:\/\/www.keturist.sk\/info\/wp-json\/wp\/v2\/posts\/60796","targetHints":{"allow":["GET"]}}],"collection":[{"href":"https:\/\/www.keturist.sk\/info\/wp-json\/wp\/v2\/posts"}],"about":[{"href":"https:\/\/www.keturist.sk\/info\/wp-json\/wp\/v2\/types\/post"}],"author":[{"embeddable":true,"href":"https:\/\/www.keturist.sk\/info\/wp-json\/wp\/v2\/users\/1"}],"replies":[{"embeddable":true,"href":"https:\/\/www.keturist.sk\/info\/wp-json\/wp\/v2\/comments?post=60796"}],"version-history":[{"count":23,"href":"https:\/\/www.keturist.sk\/info\/wp-json\/wp\/v2\/posts\/60796\/revisions"}],"predecessor-version":[{"id":75649,"href":"https:\/\/www.keturist.sk\/info\/wp-json\/wp\/v2\/posts\/60796\/revisions\/75649"}],"wp:featuredmedia":[{"embeddable":true,"href":"https:\/\/www.keturist.sk\/info\/wp-json\/wp\/v2\/media\/64428"}],"wp:attachment":[{"href":"https:\/\/www.keturist.sk\/info\/wp-json\/wp\/v2\/media?parent=60796"}],"wp:term":[{"taxonomy":"category","embeddable":true,"href":"https:\/\/www.keturist.sk\/info\/wp-json\/wp\/v2\/categories?post=60796"},{"taxonomy":"post_tag","embeddable":true,"href":"https:\/\/www.keturist.sk\/info\/wp-json\/wp\/v2\/tags?post=60796"}],"curies":[{"name":"wp","href":"https:\/\/api.w.org\/{rel}","templated":true}]}}