{"id":59462,"date":"2023-11-23T05:23:47","date_gmt":"2023-11-23T04:23:47","guid":{"rendered":"https:\/\/www.keturist.sk\/info\/?p=59462"},"modified":"2023-11-23T07:56:32","modified_gmt":"2023-11-23T06:56:32","slug":"regionalna-muzealna-expozicia-jozefa-mailatha-otvaracie-hodiny","status":"publish","type":"post","link":"https:\/\/www.keturist.sk\/info\/regionalna-muzealna-expozicia-jozefa-mailatha-otvaracie-hodiny\/","title":{"rendered":"Region\u00e1lna muze\u00e1lna expoz\u00edcia Jozefa Mail\u00e1tha: Otv\u00e1racie hodiny"},"content":{"rendered":"<p>M\u00fazeum s\u00eddli v eklektickej budove, ktor\u00fa nechal postavi\u0165 Gr\u00f3f Jozef Mail\u00e1th v roku 1895.<\/p>\n<h3><span style=\"color: #808000;\">Otv\u00e1racie hodiny<\/span><\/h3>\n<p><strong>PONDELOK:<\/strong> 07:30 &#8211; 15:30 hod.<br \/>\n<strong>UTOROK:<\/strong> administra\u010dn\u00fd de\u0148<br \/>\n<strong>STREDA:<\/strong> 07:30 &#8211; 15:30 hod.<br \/>\n<strong>\u0160TVRTOK:<\/strong> 07:30 &#8211; 15:30 hod.<br \/>\n<strong>PIATOK:<\/strong> 07:30 &#8211; 15:30 hod.<br \/>\n<strong>SOBOTA:<\/strong> na objedn\u00e1vku<br \/>\n<strong>NEDE\u013dA:<\/strong> ZATVOREN\u00c9<\/p>\n<h3><span style=\"color: #808000;\">Podrobn\u00e9 inform\u00e1cie<\/span><\/h3>\n<ul>\n<li><a href=\"https:\/\/www.keturist.sk\/info\/sport-a-kultura\/muzea-kultura\/muzea\/regionalna-muzealna-expozicia-jozefa-mailatha\/\">Region\u00e1lna muze\u00e1lna expoz\u00edcia Jozefa Mail\u00e1tha (\u010d\u00edtaj viac&#8230;)<\/a><\/li>\n<\/ul>\n<p><img loading=\"lazy\" decoding=\"async\" class=\"size-medium wp-image-59455 aligncenter\" src=\"https:\/\/www.keturist.sk\/info\/wp-content\/uploads\/2023\/09\/033regionalna-muzealna-expozicia-jozefa-mailatha-800x534.jpg\" alt=\"\" width=\"800\" height=\"534\" srcset=\"https:\/\/www.keturist.sk\/info\/wp-content\/uploads\/2023\/09\/033regionalna-muzealna-expozicia-jozefa-mailatha-800x534.jpg 800w, https:\/\/www.keturist.sk\/info\/wp-content\/uploads\/2023\/09\/033regionalna-muzealna-expozicia-jozefa-mailatha-270x180.jpg 270w, https:\/\/www.keturist.sk\/info\/wp-content\/uploads\/2023\/09\/033regionalna-muzealna-expozicia-jozefa-mailatha-768x512.jpg 768w, https:\/\/www.keturist.sk\/info\/wp-content\/uploads\/2023\/09\/033regionalna-muzealna-expozicia-jozefa-mailatha.jpg 1000w\" sizes=\"auto, (max-width: 800px) 100vw, 800px\" \/><\/p>\n","protected":false},"excerpt":{"rendered":"<p>M\u00fazeum s\u00eddli v eklektickej budove, ktor\u00fa nechal postavi\u0165 Gr\u00f3f Jozef Mail\u00e1th v roku 1895. Otv\u00e1racie hodiny PONDELOK: 07:30 &#8211; 15:30 hod. UTOROK: administra\u010dn\u00fd de\u0148 STREDA: 07:30 &#8211; 15:30 hod. \u0160TVRTOK: [&hellip;]<\/p>\n","protected":false},"author":1,"featured_media":59453,"comment_status":"closed","ping_status":"closed","sticky":false,"template":"","format":"standard","meta":{"_uag_custom_page_level_css":"","_monsterinsights_skip_tracking":false,"_monsterinsights_sitenote_active":false,"_monsterinsights_sitenote_note":"","_monsterinsights_sitenote_category":0,"footnotes":""},"categories":[1,686,518,679],"tags":[],"class_list":["post-59462","post","type-post","status-publish","format-standard","has-post-thumbnail","hentry","category-aktuality","category-muzea-a-galerie","category-otvaracie-hodiny","category-zemplin"],"jetpack_featured_media_url":"https:\/\/www.keturist.sk\/info\/wp-content\/uploads\/2023\/09\/01-regionalna-muzealna-expozicia-jozefa-mailatha.jpg","featured_image_src":"https:\/\/www.keturist.sk\/info\/wp-content\/uploads\/2023\/09\/01-regionalna-muzealna-expozicia-jozefa-mailatha.jpg","featured_image_src_square":"https:\/\/www.keturist.sk\/info\/wp-content\/uploads\/2023\/09\/01-regionalna-muzealna-expozicia-jozefa-mailatha.jpg","author_info":{"display_name":"admin","author_link":"https:\/\/www.keturist.sk\/info\/author\/admin\/"},"rbea_author_info":{"display_name":"admin","author_link":"https:\/\/www.keturist.sk\/info\/author\/admin\/"},"rbea_excerpt_info":"M\u00fazeum s\u00eddli v eklektickej budove, ktor\u00fa nechal postavi\u0165 Gr\u00f3f Jozef Mail\u00e1th v roku 1895. Otv\u00e1racie hodiny PONDELOK: 07:30 &#8211; 15:30 hod. UTOROK: administra\u010dn\u00fd de\u0148 STREDA: 07:30 &#8211; 15:30 hod. \u0160TVRTOK: [&hellip;]","category_list":"<a href=\"https:\/\/www.keturist.sk\/info\/category\/aktuality\/\" rel=\"category tag\">01 Aktuality (v\u0161etky)<\/a>, <a href=\"https:\/\/www.keturist.sk\/info\/category\/muzea-a-galerie\/\" rel=\"category tag\">M\u00faze\u00e1 a gal\u00e9rie<\/a>, <a href=\"https:\/\/www.keturist.sk\/info\/category\/otvaracie-hodiny\/\" rel=\"category tag\">Otv\u00e1racie hodiny<\/a>, <a href=\"https:\/\/www.keturist.sk\/info\/category\/regiony\/zemplin\/\" rel=\"category tag\">Zempl\u00edn<\/a>","comments_num":"0 comments","uagb_featured_image_src":{"full":["https:\/\/www.keturist.sk\/info\/wp-content\/uploads\/2023\/09\/01-regionalna-muzealna-expozicia-jozefa-mailatha.jpg",1000,561,false],"thumbnail":["https:\/\/www.keturist.sk\/info\/wp-content\/uploads\/2023\/09\/01-regionalna-muzealna-expozicia-jozefa-mailatha-270x151.jpg",270,151,true],"medium":["https:\/\/www.keturist.sk\/info\/wp-content\/uploads\/2023\/09\/01-regionalna-muzealna-expozicia-jozefa-mailatha-800x449.jpg",800,449,true],"medium_large":["https:\/\/www.keturist.sk\/info\/wp-content\/uploads\/2023\/09\/01-regionalna-muzealna-expozicia-jozefa-mailatha-768x431.jpg",768,431,true],"large":["https:\/\/www.keturist.sk\/info\/wp-content\/uploads\/2023\/09\/01-regionalna-muzealna-expozicia-jozefa-mailatha.jpg",1000,561,false],"1536x1536":["https:\/\/www.keturist.sk\/info\/wp-content\/uploads\/2023\/09\/01-regionalna-muzealna-expozicia-jozefa-mailatha.jpg",1000,561,false],"2048x2048":["https:\/\/www.keturist.sk\/info\/wp-content\/uploads\/2023\/09\/01-regionalna-muzealna-expozicia-jozefa-mailatha.jpg",1000,561,false]},"uagb_author_info":{"display_name":"admin","author_link":"https:\/\/www.keturist.sk\/info\/author\/admin\/"},"uagb_comment_info":0,"uagb_excerpt":"M\u00fazeum s\u00eddli v eklektickej budove, ktor\u00fa nechal postavi\u0165 Gr\u00f3f Jozef Mail\u00e1th v roku 1895. Otv\u00e1racie hodiny PONDELOK: 07:30 &#8211; 15:30 hod. UTOROK: administra\u010dn\u00fd de\u0148 STREDA: 07:30 &#8211; 15:30 hod. \u0160TVRTOK: [&hellip;]","_links":{"self":[{"href":"https:\/\/www.keturist.sk\/info\/wp-json\/wp\/v2\/posts\/59462","targetHints":{"allow":["GET"]}}],"collection":[{"href":"https:\/\/www.keturist.sk\/info\/wp-json\/wp\/v2\/posts"}],"about":[{"href":"https:\/\/www.keturist.sk\/info\/wp-json\/wp\/v2\/types\/post"}],"author":[{"embeddable":true,"href":"https:\/\/www.keturist.sk\/info\/wp-json\/wp\/v2\/users\/1"}],"replies":[{"embeddable":true,"href":"https:\/\/www.keturist.sk\/info\/wp-json\/wp\/v2\/comments?post=59462"}],"version-history":[{"count":5,"href":"https:\/\/www.keturist.sk\/info\/wp-json\/wp\/v2\/posts\/59462\/revisions"}],"predecessor-version":[{"id":61265,"href":"https:\/\/www.keturist.sk\/info\/wp-json\/wp\/v2\/posts\/59462\/revisions\/61265"}],"wp:featuredmedia":[{"embeddable":true,"href":"https:\/\/www.keturist.sk\/info\/wp-json\/wp\/v2\/media\/59453"}],"wp:attachment":[{"href":"https:\/\/www.keturist.sk\/info\/wp-json\/wp\/v2\/media?parent=59462"}],"wp:term":[{"taxonomy":"category","embeddable":true,"href":"https:\/\/www.keturist.sk\/info\/wp-json\/wp\/v2\/categories?post=59462"},{"taxonomy":"post_tag","embeddable":true,"href":"https:\/\/www.keturist.sk\/info\/wp-json\/wp\/v2\/tags?post=59462"}],"curies":[{"name":"wp","href":"https:\/\/api.w.org\/{rel}","templated":true}]}}