{"id":57497,"date":"2024-01-05T01:37:55","date_gmt":"2024-01-05T00:37:55","guid":{"rendered":"https:\/\/www.keturist.sk\/info\/?p=57497"},"modified":"2024-01-05T06:46:16","modified_gmt":"2024-01-05T05:46:16","slug":"muzeum-vojtecha-lofflera-otvaracie-hodiny","status":"publish","type":"post","link":"https:\/\/www.keturist.sk\/info\/muzeum-vojtecha-lofflera-otvaracie-hodiny\/","title":{"rendered":"M\u00fazeum Vojtecha L\u00f6fflera &#8211; Otv\u00e1racie hodiny"},"content":{"rendered":"<p><img loading=\"lazy\" decoding=\"async\" class=\"aligncenter wp-image-61754\" src=\"https:\/\/www.keturist.sk\/info\/wp-content\/uploads\/2023\/12\/muzeu-vojtecha-lofflera-596x600.jpg\" alt=\"\" width=\"811\" height=\"816\" srcset=\"https:\/\/www.keturist.sk\/info\/wp-content\/uploads\/2023\/12\/muzeu-vojtecha-lofflera-596x600.jpg 596w, https:\/\/www.keturist.sk\/info\/wp-content\/uploads\/2023\/12\/muzeu-vojtecha-lofflera-179x180.jpg 179w, https:\/\/www.keturist.sk\/info\/wp-content\/uploads\/2023\/12\/muzeu-vojtecha-lofflera-768x773.jpg 768w, https:\/\/www.keturist.sk\/info\/wp-content\/uploads\/2023\/12\/muzeu-vojtecha-lofflera.jpg 952w\" sizes=\"auto, (max-width: 811px) 100vw, 811px\" \/><\/p>\n<p>&#x1f4e3;&#x1f4e3;&#x1f4e3;&#x1f4e3;<\/p>\n<p>Nov\u00e9 otv\u00e1racie hodiny od 8.01.2024 :<\/p>\n<p><a href=\"https:\/\/www.keturist.sk\/info\/wp-content\/uploads\/2023\/12\/otvaracie-loffler.jpg\"><img loading=\"lazy\" decoding=\"async\" class=\"aligncenter wp-image-64041 size-full\" src=\"https:\/\/www.keturist.sk\/info\/wp-content\/uploads\/2023\/12\/otvaracie-loffler.jpg\" alt=\"\" width=\"843\" height=\"843\" srcset=\"https:\/\/www.keturist.sk\/info\/wp-content\/uploads\/2023\/12\/otvaracie-loffler.jpg 843w, https:\/\/www.keturist.sk\/info\/wp-content\/uploads\/2023\/12\/otvaracie-loffler-600x600.jpg 600w, https:\/\/www.keturist.sk\/info\/wp-content\/uploads\/2023\/12\/otvaracie-loffler-180x180.jpg 180w, https:\/\/www.keturist.sk\/info\/wp-content\/uploads\/2023\/12\/otvaracie-loffler-768x768.jpg 768w\" sizes=\"auto, (max-width: 843px) 100vw, 843px\" \/><\/a><\/p>\n<p>&#x1f4e3;&#x1f4e3;&#x1f4e3;&#x1f4e3;<\/p>\n<p>Okrem rozsiahlej zbierky Vojtecha L\u00f6fflera s\u00fa v tomto m\u00fazeu vystaven\u00e9 aj portr\u00e9ty od miestnych umelcov.<\/p>\n<p>&nbsp;<\/p>\n<h3><span style=\"color: #808000;\">Otv\u00e1racie hodiny<\/span><\/h3>\n<p><strong>Utorok &#8211; Piatok: <\/strong>10.00 &#8211; 18.00<br \/>\n<strong>Sobota &#8211; Nede\u013ea:<\/strong> 13.00 &#8211; 17.00<\/p>\n<h3><span style=\"color: #808000;\">Cenn\u00edk<\/span><\/h3>\n<p>Z\u00c1KLADN\u00c9 VSTUPN\u00c9 dospel\u00ed: 4,00 \u20ac<br \/>\nZ\u013dAVNEN\u00c9 VSTUPN\u00c9 \u017eiaci Z\u0160, S\u0160 a \u0161tudenti V\u0160, d\u00f4chodcovia: 2,00 \u20ac<br \/>\nRODINN\u00c9 VSTUPN\u00c9 (2 dospel\u00ed + 1 die\u0165a \/ 1 dospel\u00fd + 2 deti): 6,00 \u20ac<br \/>\nSKUPINOV\u00c9 VSTUPN\u00c9 PRE \u0160KOLY, \u017eiaci a \u0161tudenti, u\u010dite\u013esk\u00fd sprievod zdarma: 1,50 \u20ac\/osoba<\/p>\n<p><strong>Viac info:<\/strong> <a href=\"https:\/\/lofflermuzeum.sk\/\" target=\"_blank\" rel=\"noopener\">https:\/\/lofflermuzeum.sk\/<\/a><\/p>\n","protected":false},"excerpt":{"rendered":"<p>&#x1f4e3;&#x1f4e3;&#x1f4e3;&#x1f4e3; Nov\u00e9 otv\u00e1racie hodiny od 8.01.2024 : &#x1f4e3;&#x1f4e3;&#x1f4e3;&#x1f4e3; Okrem rozsiahlej zbierky Vojtecha L\u00f6fflera s\u00fa v tomto m\u00fazeu vystaven\u00e9 aj portr\u00e9ty od miestnych umelcov. &nbsp; Otv\u00e1racie hodiny Utorok &#8211; Piatok: 10.00 [&hellip;]<\/p>\n","protected":false},"author":1,"featured_media":61754,"comment_status":"closed","ping_status":"closed","sticky":false,"template":"","format":"standard","meta":{"_uag_custom_page_level_css":"","_monsterinsights_skip_tracking":false,"_monsterinsights_sitenote_active":false,"_monsterinsights_sitenote_note":"","_monsterinsights_sitenote_category":0,"footnotes":""},"categories":[1,686,518],"tags":[],"class_list":["post-57497","post","type-post","status-publish","format-standard","has-post-thumbnail","hentry","category-aktuality","category-muzea-a-galerie","category-otvaracie-hodiny"],"jetpack_featured_media_url":"https:\/\/www.keturist.sk\/info\/wp-content\/uploads\/2023\/12\/muzeu-vojtecha-lofflera.jpg","featured_image_src":"https:\/\/www.keturist.sk\/info\/wp-content\/uploads\/2023\/12\/muzeu-vojtecha-lofflera.jpg","featured_image_src_square":"https:\/\/www.keturist.sk\/info\/wp-content\/uploads\/2023\/12\/muzeu-vojtecha-lofflera.jpg","author_info":{"display_name":"admin","author_link":"https:\/\/www.keturist.sk\/info\/author\/admin\/"},"rbea_author_info":{"display_name":"admin","author_link":"https:\/\/www.keturist.sk\/info\/author\/admin\/"},"rbea_excerpt_info":"&#x1f4e3;&#x1f4e3;&#x1f4e3;&#x1f4e3; Nov\u00e9 otv\u00e1racie hodiny od 8.01.2024 : &#x1f4e3;&#x1f4e3;&#x1f4e3;&#x1f4e3; Okrem rozsiahlej zbierky Vojtecha L\u00f6fflera s\u00fa v tomto m\u00fazeu vystaven\u00e9 aj portr\u00e9ty od miestnych umelcov. &nbsp; Otv\u00e1racie hodiny Utorok &#8211; Piatok: 10.00 [&hellip;]","category_list":"<a href=\"https:\/\/www.keturist.sk\/info\/category\/aktuality\/\" rel=\"category tag\">01 Aktuality (v\u0161etky)<\/a>, <a href=\"https:\/\/www.keturist.sk\/info\/category\/muzea-a-galerie\/\" rel=\"category tag\">M\u00faze\u00e1 a gal\u00e9rie<\/a>, <a href=\"https:\/\/www.keturist.sk\/info\/category\/otvaracie-hodiny\/\" rel=\"category tag\">Otv\u00e1racie hodiny<\/a>","comments_num":"0 comments","uagb_featured_image_src":{"full":["https:\/\/www.keturist.sk\/info\/wp-content\/uploads\/2023\/12\/muzeu-vojtecha-lofflera.jpg",952,958,false],"thumbnail":["https:\/\/www.keturist.sk\/info\/wp-content\/uploads\/2023\/12\/muzeu-vojtecha-lofflera-179x180.jpg",179,180,true],"medium":["https:\/\/www.keturist.sk\/info\/wp-content\/uploads\/2023\/12\/muzeu-vojtecha-lofflera-596x600.jpg",596,600,true],"medium_large":["https:\/\/www.keturist.sk\/info\/wp-content\/uploads\/2023\/12\/muzeu-vojtecha-lofflera-768x773.jpg",768,773,true],"large":["https:\/\/www.keturist.sk\/info\/wp-content\/uploads\/2023\/12\/muzeu-vojtecha-lofflera.jpg",952,958,false],"1536x1536":["https:\/\/www.keturist.sk\/info\/wp-content\/uploads\/2023\/12\/muzeu-vojtecha-lofflera.jpg",952,958,false],"2048x2048":["https:\/\/www.keturist.sk\/info\/wp-content\/uploads\/2023\/12\/muzeu-vojtecha-lofflera.jpg",952,958,false]},"uagb_author_info":{"display_name":"admin","author_link":"https:\/\/www.keturist.sk\/info\/author\/admin\/"},"uagb_comment_info":0,"uagb_excerpt":"&#x1f4e3;&#x1f4e3;&#x1f4e3;&#x1f4e3; Nov\u00e9 otv\u00e1racie hodiny od 8.01.2024 : &#x1f4e3;&#x1f4e3;&#x1f4e3;&#x1f4e3; Okrem rozsiahlej zbierky Vojtecha L\u00f6fflera s\u00fa v tomto m\u00fazeu vystaven\u00e9 aj portr\u00e9ty od miestnych umelcov. &nbsp; Otv\u00e1racie hodiny Utorok &#8211; Piatok: 10.00 [&hellip;]","_links":{"self":[{"href":"https:\/\/www.keturist.sk\/info\/wp-json\/wp\/v2\/posts\/57497","targetHints":{"allow":["GET"]}}],"collection":[{"href":"https:\/\/www.keturist.sk\/info\/wp-json\/wp\/v2\/posts"}],"about":[{"href":"https:\/\/www.keturist.sk\/info\/wp-json\/wp\/v2\/types\/post"}],"author":[{"embeddable":true,"href":"https:\/\/www.keturist.sk\/info\/wp-json\/wp\/v2\/users\/1"}],"replies":[{"embeddable":true,"href":"https:\/\/www.keturist.sk\/info\/wp-json\/wp\/v2\/comments?post=57497"}],"version-history":[{"count":11,"href":"https:\/\/www.keturist.sk\/info\/wp-json\/wp\/v2\/posts\/57497\/revisions"}],"predecessor-version":[{"id":64042,"href":"https:\/\/www.keturist.sk\/info\/wp-json\/wp\/v2\/posts\/57497\/revisions\/64042"}],"wp:featuredmedia":[{"embeddable":true,"href":"https:\/\/www.keturist.sk\/info\/wp-json\/wp\/v2\/media\/61754"}],"wp:attachment":[{"href":"https:\/\/www.keturist.sk\/info\/wp-json\/wp\/v2\/media?parent=57497"}],"wp:term":[{"taxonomy":"category","embeddable":true,"href":"https:\/\/www.keturist.sk\/info\/wp-json\/wp\/v2\/categories?post=57497"},{"taxonomy":"post_tag","embeddable":true,"href":"https:\/\/www.keturist.sk\/info\/wp-json\/wp\/v2\/tags?post=57497"}],"curies":[{"name":"wp","href":"https:\/\/api.w.org\/{rel}","templated":true}]}}