{"id":55963,"date":"2026-03-06T05:19:05","date_gmt":"2026-03-06T04:19:05","guid":{"rendered":"https:\/\/www.keturist.sk\/info\/?p=55963"},"modified":"2026-03-06T06:37:55","modified_gmt":"2026-03-06T05:37:55","slug":"vikendovy-vylet","status":"publish","type":"post","link":"https:\/\/www.keturist.sk\/info\/vikendovy-vylet\/","title":{"rendered":"V\u00edkendov\u00fd v\u00fdlet na Ve\u013ek\u00fa Knolu a P\u00e1lenicu zo sedla Grajn\u00e1r &#8211; bufet Grajn\u00e1r otvoren\u00fd"},"content":{"rendered":"<h2 data-path-to-node=\"1\"><span style=\"color: #800000;\">Kedy otv\u00e1ra Bufet Grajn\u00e1r po ukon\u010den\u00ed zimnej sez\u00f3ny?<\/span><\/h2>\n<p data-path-to-node=\"2\"><b data-path-to-node=\"2\" data-index-in-node=\"0\">Bufet Grajn\u00e1r<\/b> moment\u00e1lne ofici\u00e1lne ukon\u010duje svoju zimn\u00fa sez\u00f3nu, preto\u017ee v aktu\u00e1lnych podmienkach sa v lokalite u\u017e bohu\u017eia\u013e ned\u00e1 be\u017ekova\u0165. Hlavn\u00fdm d\u00f4vodom do\u010dasn\u00e9ho zatvorenia je nepriazniv\u00fd stav ter\u00e9nu, na ktorom sa moment\u00e1lne nach\u00e1dza blato.<\/p>\n<p data-path-to-node=\"3\">Pravdepodobne sa op\u00e4\u0165 spolo\u010dne vid\u00edme a\u017e na term\u00edn, kedy pripad\u00e1 Ve\u013ek\u00e1 noc. Tento \u010dasov\u00fd odhad r\u00e1tame s predpokladom, \u017ee dovtedy podklad aspo\u0148 trochu obschne a podmienky pre turistov sa zlep\u0161ia.<\/p>\n<p>&#x1f372;&#x1f372;&#x1f372;&#x1f372;&#x1f372;&#x1f372;&#x1f372;&#x1f372;<\/p>\n<p>Grajn\u00e1r (1 023 m n. m.) je sedlo medzi <strong>Malou Knolou (1 162 m n. m.)<\/strong> a <strong>Javorom (1 088 m n. m.)<\/strong> vo <a href=\"https:\/\/www.keturist.sk\/info\/okolite-hory\/volovske-vrchy\/\">Volovsk\u00fdch vrchoch<\/a>, v podcelku Knola.<\/p>\n<p>Sedlom prech\u00e1dza cestn\u00e1 spojnica Spi\u0161sk\u00e1 Nov\u00e1 Ves &#8211; Ro\u017e\u0148ava, cesta II\/533.<\/p>\n<p>Sedlo Grajn\u00e1r je dobr\u00fdm v\u00fdchodiskov\u00fdm bodom nen\u00e1ro\u010dn\u00fdch prech\u00e1dzok v horskom prostred\u00ed v jarnom, letnom a jesennom obdob\u00ed na <a href=\"https:\/\/sk.wikipedia.org\/wiki\/Ve%C4%BEk%C3%A1_Knola\" target=\"_blank\" rel=\"noopener\">Ve\u013ek\u00fa Knolu (1 266 m n. m)<\/a> aj <a href=\"https:\/\/www.keturist.sk\/info\/vrchy-skaly-a-sedla\/palenica-1115-m-n-m\/\">P\u00e1lenicu (1 115 m n. m.)<\/a>.<\/p>\n<p>Sedlo je tie\u017e kri\u017eovatkou turistick\u00fdch chodn\u00edkov, modro-zna\u010dkovan\u00fd z Novoveskej Huty do osady Cechy, zeleno-zna\u010dkovan\u00fd z Hnil\u010d\u00edka do Hnilca a \u017elto-zna\u010dkovan\u00fd cez u\u017e spom\u00ednan\u00fa <a href=\"https:\/\/www.keturist.sk\/info\/vrchy-skaly-a-sedla\/palenica-1115-m-n-m\/\">P\u00e1lenicu (1 115 m n. m.)<\/a> a tie\u017e do obce Hnil\u010d\u00edk.<\/p>\n<p>&#x2744;&#xfe0f;<strong>Lesn\u00fd \u0161portov\u00fd are\u00e1l Grajn\u00e1r je v zime vyh\u013ead\u00e1van\u00fdm miestom pre be\u017eeck\u00e9 ly\u017eovanie <\/strong>&#x2744;&#xfe0f;&#x2744;&#xfe0f;.<\/p>\n<h2><span style=\"color: #800000;\">Info ly\u017eovanie<\/span><\/h2>\n<p><strong>Uveden\u00e9 \u00fadaje maj\u00fa len informat\u00edvny charakter!!!<\/strong><\/p>\n<div class=\"rtbs  rtbs_grajnar-bezkarsky-areal\"><div class=\"rtbs_slug\" style=\"display:none\">grajnar-bezkarsky-areal<\/div><div class=\"rtbs_inactive_tab_background\" style=\"display:none\">transparent<\/div><div class=\"rtbs_breakpoint\" style=\"display:none\">600<\/div><div class=\"rtbs_color\" style=\"display:none\">#12bece<\/div>\r\n        <div class=\"rtbs_menu\">\r\n            <ul>\r\n                <li class=\"mobile_toggle\">&zwnj;<\/li><li class=\"current\"><a style=\"background:#12bece\" class=\"active grajnar-bezkarsky-areal-tab-link-0\" href=\"#\" data-tab=\"#grajnar-bezkarsky-areal-tab-0\">Ly\u017eiarske podmienky<\/a><\/li>\r\n            <\/ul>\r\n        <\/div><div style=\"border-top:7px solid #12bece;\" id=\"grajnar-bezkarsky-areal-tab-0\" class=\"rtbs_content active\"><table class=\"mtr-table mtr-tr-th\">\n<tbody>\n<tr>\n<th bgcolor=\"#aaccff\" data-mtr-content=\"D\u00e1tum\" class=\"mtr-th-tag\"><div class=\"mtr-cell-content\">D\u00e1tum<\/div><\/th>\n<th bgcolor=\"#aaccff\" data-mtr-content=\"Sneh\" class=\"mtr-th-tag\"><div class=\"mtr-cell-content\">Sneh<\/div><\/th>\n<th bgcolor=\"#aaccff\" data-mtr-content=\"Kvalita\" class=\"mtr-th-tag\"><div class=\"mtr-cell-content\">Kvalita<\/div><\/th>\n<th bgcolor=\"#aaccff\" data-mtr-content=\"\u00daprava\" class=\"mtr-th-tag\"><div class=\"mtr-cell-content\">\u00daprava<\/div><\/th>\n<th bgcolor=\"#aaccff\" data-mtr-content=\"Podmienky\" class=\"mtr-th-tag\"><div class=\"mtr-cell-content\">Podmienky<\/div><\/th>\n<\/tr>\n<tr>\n<td bgcolor=\"#ffffff\" data-mtr-content=\"D\u00e1tum\" class=\"mtr-td-tag\"><div class=\"mtr-cell-content\"><span style=\"color: #000000\">6.3.2026<\/span><\/div><\/td>\n<td bgcolor=\"#ffffff\" data-mtr-content=\"Sneh\" class=\"mtr-td-tag\"><div class=\"mtr-cell-content\"><span style=\"color: #000000\">0cm<\/span><\/div><\/td>\n<td bgcolor=\"#ffffff\" data-mtr-content=\"Kvalita\" class=\"mtr-td-tag\"><div class=\"mtr-cell-content\"><span style=\"color: #000000\">blato\u00a0<\/span><\/div><\/td>\n<td bgcolor=\"#ffffff\" data-mtr-content=\"\u00daprava\" class=\"mtr-td-tag\"><div class=\"mtr-cell-content\"><span style=\"color: #000000\">sez\u00f3na ukon\u010den\u00e1\u00a0<\/span><\/div><\/td>\n<td bgcolor=\"#ffffff\" data-mtr-content=\"Podmienky\" class=\"mtr-td-tag\"><div class=\"mtr-cell-content\"><span style=\"color: #000000\">neodpor\u00fa\u010dame<\/span><\/div><\/td>\n<\/tr>\n<\/tbody>\n<\/table>\n<div style=\"margin-top:30px; clear:both;\"><\/div><\/div>\r\n    <\/div>\r\n    \n<h2><span style=\"color: #800000;\">Zauj\u00edmav\u00e9 odkazy<\/span><\/h2>\n<h3><span style=\"color: #808000;\">Kontakt<\/span><\/h3>\n<p><strong>Bufet Grajn\u00e1r<\/strong><br \/>\n<strong>MobiL:<\/strong> 0915 779 872<br \/>\n<strong>E-mail:<\/strong> bufetgrajnar@gmail.com<\/p>\n<h2><span style=\"color: #800000;\">Mapy<\/span><\/h2>\n<p><strong>Vrstvy: <\/strong>Turistick\u00e1 mapa, Automapa, Cyklomapa, Ly\u017eiarska mapa, Satelitn\u00e1 mapa a OpenStreetMap.<\/p>\n<p><strong>Kliknut\u00edm na logo &#8222;Freemap.sk&#8220; sa V\u00e1m mapa zobraz\u00ed na celej ploche obrazovky.<\/strong><\/p>\n<p><iframe style=\"width: 900px; height: 500px; border: 0;\" src=\"https:\/\/www.freemap.sk\/?map=16\/48.857704\/20.514518&amp;info-point=48.857704\/20.514518,Sedlo Grajn\u00e1r&amp;layers=X&amp;embed=search\" allowfullscreen=\"allowfullscreen\"><span data-mce-type=\"bookmark\" style=\"display: inline-block; width: 0px; overflow: hidden; line-height: 0;\" class=\"mce_SELRES_start\">\ufeff<\/span><\/iframe><\/p>\n<h2><span style=\"color: #800000;\">Po\u010dasie<\/span><\/h2>\n<p><iframe style=\"width: 900px; height: 609px;\" src=\"https:\/\/www.meteoblue.com\/sk\/po%C4%8Dasie\/widget\/three\/48.836N20.56E1092_Europe%2FBratislava?geoloc=fixed&amp;nocurrent=0&amp;noforecast=0&amp;days=5&amp;tempunit=CELSIUS&amp;windunit=KILOMETER_PER_HOUR&amp;layout=image\" frameborder=\"0\" scrolling=\"NO\" sandbox=\"allow-same-origin allow-scripts allow-popups allow-popups-to-escape-sandbox\"><\/iframe><\/p>\n<div><!-- DO NOT REMOVE THIS LINK --><a href=\"https:\/\/www.meteoblue.com\/sk\/po%C4%8Dasie\/predpove%C4%8F\/t%C3%BD%C5%BEde%C5%88\/48.836N20.56E1092_Europe%2FBratislava?utm_source=weather_widget&amp;utm_medium=linkus&amp;utm_content=three&amp;utm_campaign=Weather%2BWidget\" target=\"_blank\" rel=\"noopener noreferrer\">meteoblue<\/a><\/div>\n<hr \/>\n<p><a href=\"https:\/\/www.keturist.sk\/info\/wp-content\/uploads\/2023\/09\/bufet-grajnar2.jpg\"><img loading=\"lazy\" decoding=\"async\" class=\"aligncenter wp-image-63067\" src=\"https:\/\/www.keturist.sk\/info\/wp-content\/uploads\/2023\/09\/bufet-grajnar2-762x600.jpg\" alt=\"bufet Grajn\u00e1r\" width=\"900\" height=\"708\" srcset=\"https:\/\/www.keturist.sk\/info\/wp-content\/uploads\/2023\/09\/bufet-grajnar2-762x600.jpg 762w, https:\/\/www.keturist.sk\/info\/wp-content\/uploads\/2023\/09\/bufet-grajnar2-229x180.jpg 229w, https:\/\/www.keturist.sk\/info\/wp-content\/uploads\/2023\/09\/bufet-grajnar2-768x604.jpg 768w, https:\/\/www.keturist.sk\/info\/wp-content\/uploads\/2023\/09\/bufet-grajnar2.jpg 1000w\" sizes=\"auto, (max-width: 900px) 100vw, 900px\" \/><\/a><\/p>\n","protected":false},"excerpt":{"rendered":"<p>Kedy otv\u00e1ra Bufet Grajn\u00e1r po ukon\u010den\u00ed zimnej sez\u00f3ny? Bufet Grajn\u00e1r moment\u00e1lne ofici\u00e1lne ukon\u010duje svoju zimn\u00fa sez\u00f3nu, preto\u017ee v aktu\u00e1lnych podmienkach sa v lokalite u\u017e bohu\u017eia\u013e ned\u00e1 be\u017ekova\u0165. Hlavn\u00fdm d\u00f4vodom do\u010dasn\u00e9ho [&hellip;]<\/p>\n","protected":false},"author":1,"featured_media":63067,"comment_status":"closed","ping_status":"closed","sticky":false,"template":"","format":"standard","meta":{"_uag_custom_page_level_css":"","_monsterinsights_skip_tracking":false,"_monsterinsights_sitenote_active":false,"_monsterinsights_sitenote_note":"","_monsterinsights_sitenote_category":0,"footnotes":""},"categories":[1,667,701,680,672],"tags":[],"class_list":["post-55963","post","type-post","status-publish","format-standard","has-post-thumbnail","hentry","category-aktuality","category-lyzovanie-a-kupanie","category-slovensky-raj","category-spis","category-vylety-turistika"],"jetpack_featured_media_url":"https:\/\/www.keturist.sk\/info\/wp-content\/uploads\/2023\/09\/bufet-grajnar2.jpg","featured_image_src":"https:\/\/www.keturist.sk\/info\/wp-content\/uploads\/2023\/09\/bufet-grajnar2.jpg","featured_image_src_square":"https:\/\/www.keturist.sk\/info\/wp-content\/uploads\/2023\/09\/bufet-grajnar2.jpg","author_info":{"display_name":"admin","author_link":"https:\/\/www.keturist.sk\/info\/author\/admin\/"},"rbea_author_info":{"display_name":"admin","author_link":"https:\/\/www.keturist.sk\/info\/author\/admin\/"},"rbea_excerpt_info":"Kedy otv\u00e1ra Bufet Grajn\u00e1r po ukon\u010den\u00ed zimnej sez\u00f3ny? Bufet Grajn\u00e1r moment\u00e1lne ofici\u00e1lne ukon\u010duje svoju zimn\u00fa sez\u00f3nu, preto\u017ee v aktu\u00e1lnych podmienkach sa v lokalite u\u017e bohu\u017eia\u013e ned\u00e1 be\u017ekova\u0165. Hlavn\u00fdm d\u00f4vodom do\u010dasn\u00e9ho [&hellip;]","category_list":"<a href=\"https:\/\/www.keturist.sk\/info\/category\/aktuality\/\" rel=\"category tag\">01 Aktuality (v\u0161etky)<\/a>, <a href=\"https:\/\/www.keturist.sk\/info\/category\/lyzovanie-a-kupanie\/\" rel=\"category tag\">Ly\u017eovanie<\/a>, <a href=\"https:\/\/www.keturist.sk\/info\/category\/regiony\/slovensky-raj\/\" rel=\"category tag\">Slovensk\u00fd raj<\/a>, <a href=\"https:\/\/www.keturist.sk\/info\/category\/regiony\/spis\/\" rel=\"category tag\">Spi\u0161<\/a>, <a href=\"https:\/\/www.keturist.sk\/info\/category\/vylety-turistika\/\" rel=\"category tag\">V\u00fdlety - turistika<\/a>","comments_num":"0 comments","uagb_featured_image_src":{"full":["https:\/\/www.keturist.sk\/info\/wp-content\/uploads\/2023\/09\/bufet-grajnar2.jpg",1000,787,false],"thumbnail":["https:\/\/www.keturist.sk\/info\/wp-content\/uploads\/2023\/09\/bufet-grajnar2-229x180.jpg",229,180,true],"medium":["https:\/\/www.keturist.sk\/info\/wp-content\/uploads\/2023\/09\/bufet-grajnar2-762x600.jpg",762,600,true],"medium_large":["https:\/\/www.keturist.sk\/info\/wp-content\/uploads\/2023\/09\/bufet-grajnar2-768x604.jpg",768,604,true],"large":["https:\/\/www.keturist.sk\/info\/wp-content\/uploads\/2023\/09\/bufet-grajnar2.jpg",1000,787,false],"1536x1536":["https:\/\/www.keturist.sk\/info\/wp-content\/uploads\/2023\/09\/bufet-grajnar2.jpg",1000,787,false],"2048x2048":["https:\/\/www.keturist.sk\/info\/wp-content\/uploads\/2023\/09\/bufet-grajnar2.jpg",1000,787,false]},"uagb_author_info":{"display_name":"admin","author_link":"https:\/\/www.keturist.sk\/info\/author\/admin\/"},"uagb_comment_info":0,"uagb_excerpt":"Kedy otv\u00e1ra Bufet Grajn\u00e1r po ukon\u010den\u00ed zimnej sez\u00f3ny? Bufet Grajn\u00e1r moment\u00e1lne ofici\u00e1lne ukon\u010duje svoju zimn\u00fa sez\u00f3nu, preto\u017ee v aktu\u00e1lnych podmienkach sa v lokalite u\u017e bohu\u017eia\u013e ned\u00e1 be\u017ekova\u0165. Hlavn\u00fdm d\u00f4vodom do\u010dasn\u00e9ho [&hellip;]","_links":{"self":[{"href":"https:\/\/www.keturist.sk\/info\/wp-json\/wp\/v2\/posts\/55963","targetHints":{"allow":["GET"]}}],"collection":[{"href":"https:\/\/www.keturist.sk\/info\/wp-json\/wp\/v2\/posts"}],"about":[{"href":"https:\/\/www.keturist.sk\/info\/wp-json\/wp\/v2\/types\/post"}],"author":[{"embeddable":true,"href":"https:\/\/www.keturist.sk\/info\/wp-json\/wp\/v2\/users\/1"}],"replies":[{"embeddable":true,"href":"https:\/\/www.keturist.sk\/info\/wp-json\/wp\/v2\/comments?post=55963"}],"version-history":[{"count":52,"href":"https:\/\/www.keturist.sk\/info\/wp-json\/wp\/v2\/posts\/55963\/revisions"}],"predecessor-version":[{"id":74259,"href":"https:\/\/www.keturist.sk\/info\/wp-json\/wp\/v2\/posts\/55963\/revisions\/74259"}],"wp:featuredmedia":[{"embeddable":true,"href":"https:\/\/www.keturist.sk\/info\/wp-json\/wp\/v2\/media\/63067"}],"wp:attachment":[{"href":"https:\/\/www.keturist.sk\/info\/wp-json\/wp\/v2\/media?parent=55963"}],"wp:term":[{"taxonomy":"category","embeddable":true,"href":"https:\/\/www.keturist.sk\/info\/wp-json\/wp\/v2\/categories?post=55963"},{"taxonomy":"post_tag","embeddable":true,"href":"https:\/\/www.keturist.sk\/info\/wp-json\/wp\/v2\/tags?post=55963"}],"curies":[{"name":"wp","href":"https:\/\/api.w.org\/{rel}","templated":true}]}}