{"id":55726,"date":"2026-04-08T05:43:58","date_gmt":"2026-04-08T03:43:58","guid":{"rendered":"https:\/\/www.keturist.sk\/info\/?p=55726"},"modified":"2026-04-08T06:45:53","modified_gmt":"2026-04-08T04:45:53","slug":"botanicka-zahrada-upjs","status":"publish","type":"post","link":"https:\/\/www.keturist.sk\/info\/botanicka-zahrada-upjs\/","title":{"rendered":"Botanick\u00e1 z\u00e1hrada UPJ\u0160: Otv\u00e1racia doba"},"content":{"rendered":"<h2 data-path-to-node=\"0\"><span style=\"color: #800000;\">Kedy je Botanick\u00e1 z\u00e1hrada UPJ\u0160 otvoren\u00e1 a kedy m\u00f4\u017eete nav\u0161t\u00edvi\u0165 jej unik\u00e1tne sklen\u00edky?<\/span><\/h2>\n<p data-path-to-node=\"1\"><b data-path-to-node=\"1\" data-index-in-node=\"0\">Botanick\u00e1 z\u00e1hrada UPJ\u0160<\/b> v Ko\u0161iciach v\u00edta svojich n\u00e1v\u0161tevn\u00edkov ako <b data-path-to-node=\"1\" data-index-in-node=\"65\">najv\u00e4\u010d\u0161ia botanick\u00e1 z\u00e1hrada na Slovensku<\/b> po\u010das cel\u00e9ho roka. <b data-path-to-node=\"1\" data-index-in-node=\"125\">Botanick\u00e1 z\u00e1hrada je otvoren\u00e1 ka\u017ed\u00fd de\u0148 v roku vr\u00e1tane v\u00edkendov a sviatkov<\/b>, \u010do z nej rob\u00ed ide\u00e1lny cie\u013e pre v\u00e1\u0161 oddych.<\/p>\n<h2 data-path-to-node=\"1\"><span style=\"color: #800000;\">Pre pl\u00e1novanie va\u0161ej n\u00e1v\u0161tevy s\u00fa k dispoz\u00edcii nasleduj\u00face <b data-path-to-node=\"1\" data-index-in-node=\"302\">otv\u00e1racie hodiny<\/b>:<\/span><\/h2>\n<h3 data-path-to-node=\"2\"><span style=\"color: #808000;\">Sklen\u00edky:<\/span><\/h3>\n<ul data-path-to-node=\"3\">\n<li>\n<p data-path-to-node=\"3,0,0\"><b data-path-to-node=\"3,0,0\" data-index-in-node=\"0\">Letn\u00e1 sez\u00f3na (1.5. \u2013 30.9.):<\/b> po\u010das <b data-path-to-node=\"3,0,0\" data-index-in-node=\"35\">pracovn\u00fdch dn\u00ed<\/b> od <b data-path-to-node=\"3,0,0\" data-index-in-node=\"53\">9:00 do 15:00 hod.<\/b>, cez <b data-path-to-node=\"3,0,0\" data-index-in-node=\"77\">v\u00edkendy a sviatky<\/b> od <b data-path-to-node=\"3,0,0\" data-index-in-node=\"98\">9:00 do 17:00 hod.<\/b><\/p>\n<\/li>\n<li>\n<p data-path-to-node=\"3,1,0\"><b data-path-to-node=\"3,1,0\" data-index-in-node=\"0\">Letn\u00e9 pr\u00e1zdniny:<\/b> otvoren\u00e9 <b data-path-to-node=\"3,1,0\" data-index-in-node=\"26\">denne od 9:00 do 17:00 hod.<\/b><\/p>\n<\/li>\n<li>\n<p data-path-to-node=\"3,2,0\"><b data-path-to-node=\"3,2,0\" data-index-in-node=\"0\">Zimn\u00e1 sez\u00f3na (1.10. \u2013 30.4.):<\/b> pr\u00edstupn\u00e9 <b data-path-to-node=\"3,2,0\" data-index-in-node=\"40\">denne od 9:00 do 15:00 hod.<\/b><\/p>\n<\/li>\n<\/ul>\n<h3 data-path-to-node=\"4\"><span style=\"color: #808000;\">Vonkaj\u0161\u00ed are\u00e1l:<\/span><\/h3>\n<ul data-path-to-node=\"5\">\n<li>\n<p data-path-to-node=\"5,0,0\"><b data-path-to-node=\"5,0,0\" data-index-in-node=\"0\">Letn\u00e1 sez\u00f3na (1.4. \u2013 30.9.):<\/b> k dispoz\u00edcii od <b data-path-to-node=\"5,0,0\" data-index-in-node=\"45\">9:00 do 18:00 hod.<\/b><\/p>\n<\/li>\n<li>\n<p data-path-to-node=\"5,1,0\"><b data-path-to-node=\"5,1,0\" data-index-in-node=\"0\">Zimn\u00e1 sez\u00f3na (1.10. \u2013 31.3.):<\/b> k dispoz\u00edcii od <b data-path-to-node=\"5,1,0\" data-index-in-node=\"46\">9:00 do 15:00 hod.<\/b><\/p>\n<\/li>\n<\/ul>\n<p data-path-to-node=\"6\">Upozor\u0148ujeme, \u017ee <b data-path-to-node=\"6\" data-index-in-node=\"17\">otv\u00e1racia doba po\u010das v\u00fdstav, podujat\u00ed a d\u0148a otvoren\u00fdch dver\u00ed sa m\u00f4\u017ee l\u00ed\u0161i\u0165<\/b>, preto v\u00e1s pros\u00edme, aby ste si v\u017edy pozreli <b data-path-to-node=\"6\" data-index-in-node=\"136\">aktu\u00e1lne inform\u00e1cie<\/b> ku konkr\u00e9tnej akcii.<\/p>\n<h2 data-path-to-node=\"8\"><span style=\"color: #800000;\">Pre\u010do je Botanick\u00e1 z\u00e1hrada UPJ\u0160 v Ko\u0161iciach najv\u00e4\u010d\u0161\u00edm \u017eiv\u00fdm klenotom Slovenska?<\/span><\/h2>\n<p data-path-to-node=\"9\"><b data-path-to-node=\"9\" data-index-in-node=\"0\">Botanick\u00e1 z\u00e1hrada UPJ\u0160<\/b> v Ko\u0161iciach predstavuje <b data-path-to-node=\"9\" data-index-in-node=\"47\">najv\u00e4\u010d\u0161iu botanick\u00fa z\u00e1hradu<\/b> na \u00fazem\u00ed <b data-path-to-node=\"9\" data-index-in-node=\"84\">Slovenska<\/b>, pri\u010dom t\u00fato v\u00fdznamn\u00fa in\u0161tit\u00faciu odborne spravuje <b data-path-to-node=\"9\" data-index-in-node=\"144\">Univerzita Pavla Jozefa \u0160af\u00e1rika<\/b>. Tento unik\u00e1tny are\u00e1l sa rozprestiera na <b data-path-to-node=\"9\" data-index-in-node=\"218\">\u00fap\u00e4t\u00ed kopcov<\/b> pri <b data-path-to-node=\"9\" data-index-in-node=\"235\">severnom okraji mesta<\/b> a na p\u00f4sobivej <b data-path-to-node=\"9\" data-index-in-node=\"272\">ploche 30 hekt\u00e1rov<\/b> pon\u00faka n\u00e1v\u0161tevn\u00edkom fascinuj\u00faci svet fl\u00f3ry. Pre \u0161irok\u00fa <b data-path-to-node=\"9\" data-index-in-node=\"346\">verejnos\u0165<\/b> s\u00fa jej br\u00e1ny <b data-path-to-node=\"9\" data-index-in-node=\"369\">pr\u00edstupn\u00e9<\/b> u\u017e <b data-path-to-node=\"9\" data-index-in-node=\"382\">od roku 1950<\/b>, \u010do z nej rob\u00ed tradi\u010dn\u00fd cie\u013e pre milovn\u00edkov pr\u00edrody a vzdel\u00e1vania.<\/p>\n<h2 data-path-to-node=\"11\"><span style=\"color: #800000;\">Kde presne sa nach\u00e1dza Botanick\u00e1 z\u00e1hrada UPJ\u0160 a ak\u00fa m\u00e1 rozlohu?<\/span><\/h2>\n<p data-path-to-node=\"12\">Tento pr\u00edrodn\u00fd are\u00e1l pod spr\u00e1vou <b data-path-to-node=\"12\" data-index-in-node=\"33\">Univerzity Pavla Jozefa \u0160af\u00e1rika<\/b> je situovan\u00fd na malebnom <b data-path-to-node=\"12\" data-index-in-node=\"91\">\u00fap\u00e4t\u00ed kopcov<\/b> situovan\u00fdch pri <b data-path-to-node=\"12\" data-index-in-node=\"120\">severnom okraji mesta<\/b> Ko\u0161ice. Svojou celkovou <b data-path-to-node=\"12\" data-index-in-node=\"166\">plochou 30 hekt\u00e1rov<\/b> sa <b data-path-to-node=\"12\" data-index-in-node=\"189\">Botanick\u00e1 z\u00e1hrada UPJ\u0160<\/b> hrd\u00ed titulom <b data-path-to-node=\"12\" data-index-in-node=\"225\">najv\u00e4\u010d\u0161ia botanick\u00e1 z\u00e1hrada na Slovensku<\/b>, \u010d\u00edm poskytuje ve\u013ekorys\u00fd priestor pre relax\u00e1ciu aj vedeck\u00fd v\u00fdskum.<\/p>\n<h2 data-path-to-node=\"13\"><span style=\"color: #800000;\">Kedy bola Botanick\u00e1 z\u00e1hrada UPJ\u0160 v Ko\u0161iciach otvoren\u00e1 pre n\u00e1v\u0161tevn\u00edkov?<\/span><\/h2>\n<p data-path-to-node=\"14\"><b data-path-to-node=\"14\" data-index-in-node=\"0\">Botanick\u00e1 z\u00e1hrada UPJ\u0160<\/b> je pre <b data-path-to-node=\"14\" data-index-in-node=\"30\">verejnos\u0165 pr\u00edstupn\u00e1 od roku 1950<\/b>, kedy za\u010dala p\u00edsa\u0165 svoju modern\u00fa hist\u00f3riu ako d\u00f4le\u017eit\u00e9 kult\u00farne a vzdel\u00e1vacie centrum. Od tohto roku m\u00f4\u017eu dom\u00e1ci aj zahrani\u010dn\u00ed <b data-path-to-node=\"14\" data-index-in-node=\"190\">turisti<\/b> objavova\u0165 bohatstvo <b data-path-to-node=\"14\" data-index-in-node=\"218\">najv\u00e4\u010d\u0161ej botanickej z\u00e1hrady na Slovensku<\/b>, ktor\u00fa metodicky vedie <b data-path-to-node=\"14\" data-index-in-node=\"283\">Univerzita Pavla Jozefa \u0160af\u00e1rika<\/b>.<\/p>\n<h2 data-path-to-node=\"16\"><span style=\"color: #800000;\">Exotick\u00fd raj na dosah ruky<\/span><\/h2>\n<p data-path-to-node=\"17\"><em>N\u00e1v\u0161teva tohto miesta nie je len oby\u010dajnou prech\u00e1dzkou, ale intenz\u00edvnym zmyslov\u00fdm z\u00e1\u017eitkom v objat\u00ed vz\u00e1cnych drev\u00edn a tropick\u00fdch sklen\u00edkov. <b data-path-to-node=\"17\" data-index-in-node=\"140\">Botanick\u00e1 z\u00e1hrada UPJ\u0160<\/b> pon\u00faka dokonal\u00fd \u00fanik z mestsk\u00e9ho zhonu do ticha <b data-path-to-node=\"17\" data-index-in-node=\"211\">30-hekt\u00e1rov\u00e9ho<\/b> are\u00e1lu pln\u00e9ho biodiverzity. Ako <b data-path-to-node=\"17\" data-index-in-node=\"258\">najv\u00e4\u010d\u0161ia botanick\u00e1 z\u00e1hrada na Slovensku<\/b> garantuje objavovanie unik\u00e1tnych rastlinn\u00fdch druhov, ktor\u00e9 inde v regi\u00f3ne nen\u00e1jdete. Odborn\u00e1 garancia <b data-path-to-node=\"17\" data-index-in-node=\"401\">Univerzity Pavla Jozefa \u0160af\u00e1rika<\/b> zabezpe\u010duje, \u017ee ka\u017ed\u00e1 n\u00e1v\u0161teva je obohaten\u00e1 o hodnotn\u00e9 poznatky z r\u00ed\u0161e rastl\u00edn. Je to ide\u00e1lne miesto pre rodinn\u00fd v\u00fdlet, eduk\u00e1ciu alebo na\u010derpanie novej energie v historicky najv\u00fdznamnej\u0161ej zelenej o\u00e1ze v\u00fdchodn\u00e9ho Slovenska.<\/em><\/p>\n<p class=\"ds-markdown-paragraph\"><strong>Te\u0161\u00edme sa na va\u0161u n\u00e1v\u0161tevu!<\/strong><\/p>\n<p><strong>Viac info:<\/strong> <a href=\"https:\/\/www.upjs.sk\/pracoviska\/botanicka-zahrada\/\" target=\"_blank\" rel=\"noopener\">https:\/\/www.upjs.sk\/pracoviska\/botanicka-zahrada\/<\/a><\/p>\n<hr data-path-to-node=\"15\" \/>\n<p><img loading=\"lazy\" decoding=\"async\" class=\"aligncenter wp-image-29620\" src=\"https:\/\/www.keturist.sk\/info\/wp-content\/uploads\/2019\/06\/botanicka2-800x450.jpg\" alt=\"Botanick\u00e1 z\u00e1hrada UPJ\u0160\" width=\"900\" height=\"507\" srcset=\"https:\/\/www.keturist.sk\/info\/wp-content\/uploads\/2019\/06\/botanicka2-800x450.jpg 800w, https:\/\/www.keturist.sk\/info\/wp-content\/uploads\/2019\/06\/botanicka2-270x152.jpg 270w, https:\/\/www.keturist.sk\/info\/wp-content\/uploads\/2019\/06\/botanicka2-768x432.jpg 768w, https:\/\/www.keturist.sk\/info\/wp-content\/uploads\/2019\/06\/botanicka2-400x225.jpg 400w, https:\/\/www.keturist.sk\/info\/wp-content\/uploads\/2019\/06\/botanicka2.jpg 1000w\" sizes=\"auto, (max-width: 900px) 100vw, 900px\" \/><\/p>\n","protected":false},"excerpt":{"rendered":"<p>Kedy je Botanick\u00e1 z\u00e1hrada UPJ\u0160 otvoren\u00e1 a kedy m\u00f4\u017eete nav\u0161t\u00edvi\u0165 jej unik\u00e1tne sklen\u00edky? Botanick\u00e1 z\u00e1hrada UPJ\u0160 v Ko\u0161iciach v\u00edta svojich n\u00e1v\u0161tevn\u00edkov ako najv\u00e4\u010d\u0161ia botanick\u00e1 z\u00e1hrada na Slovensku po\u010das cel\u00e9ho roka. [&hellip;]<\/p>\n","protected":false},"author":1,"featured_media":29787,"comment_status":"closed","ping_status":"closed","sticky":false,"template":"","format":"standard","meta":{"_uag_custom_page_level_css":"","_monsterinsights_skip_tracking":false,"_monsterinsights_sitenote_active":false,"_monsterinsights_sitenote_note":"","_monsterinsights_sitenote_category":0,"footnotes":""},"categories":[1,677,518],"tags":[],"class_list":["post-55726","post","type-post","status-publish","format-standard","has-post-thumbnail","hentry","category-aktuality","category-kosice","category-otvaracie-hodiny"],"jetpack_featured_media_url":"https:\/\/www.keturist.sk\/info\/wp-content\/uploads\/2019\/06\/botanicka-z\u00e1hrada-ko\u0161ice1-619x600.jpg","featured_image_src":"https:\/\/www.keturist.sk\/info\/wp-content\/uploads\/2019\/06\/botanicka-z\u00e1hrada-ko\u0161ice1-619x600.jpg","featured_image_src_square":"https:\/\/www.keturist.sk\/info\/wp-content\/uploads\/2019\/06\/botanicka-z\u00e1hrada-ko\u0161ice1-619x600.jpg","author_info":{"display_name":"admin","author_link":"https:\/\/www.keturist.sk\/info\/author\/admin\/"},"rbea_author_info":{"display_name":"admin","author_link":"https:\/\/www.keturist.sk\/info\/author\/admin\/"},"rbea_excerpt_info":"Kedy je Botanick\u00e1 z\u00e1hrada UPJ\u0160 otvoren\u00e1 a kedy m\u00f4\u017eete nav\u0161t\u00edvi\u0165 jej unik\u00e1tne sklen\u00edky? Botanick\u00e1 z\u00e1hrada UPJ\u0160 v Ko\u0161iciach v\u00edta svojich n\u00e1v\u0161tevn\u00edkov ako najv\u00e4\u010d\u0161ia botanick\u00e1 z\u00e1hrada na Slovensku po\u010das cel\u00e9ho roka. [&hellip;]","category_list":"<a href=\"https:\/\/www.keturist.sk\/info\/category\/aktuality\/\" rel=\"category tag\">01 Aktuality (v\u0161etky)<\/a>, <a href=\"https:\/\/www.keturist.sk\/info\/category\/regiony\/kosice\/\" rel=\"category tag\">Ko\u0161ice<\/a>, <a href=\"https:\/\/www.keturist.sk\/info\/category\/otvaracie-hodiny\/\" rel=\"category tag\">Otv\u00e1racie hodiny<\/a>","comments_num":"0 comments","uagb_featured_image_src":{"full":["https:\/\/www.keturist.sk\/info\/wp-content\/uploads\/2019\/06\/botanicka-z\u00e1hrada-ko\u0161ice1-619x600.jpg",619,600,false],"thumbnail":["https:\/\/www.keturist.sk\/info\/wp-content\/uploads\/2019\/06\/botanicka-z\u00e1hrada-ko\u0161ice1-619x600-186x180.jpg",186,180,true],"medium":["https:\/\/www.keturist.sk\/info\/wp-content\/uploads\/2019\/06\/botanicka-z\u00e1hrada-ko\u0161ice1-619x600-619x600.jpg",619,600,true],"medium_large":["https:\/\/www.keturist.sk\/info\/wp-content\/uploads\/2019\/06\/botanicka-z\u00e1hrada-ko\u0161ice1-619x600.jpg",619,600,false],"large":["https:\/\/www.keturist.sk\/info\/wp-content\/uploads\/2019\/06\/botanicka-z\u00e1hrada-ko\u0161ice1-619x600.jpg",619,600,false],"1536x1536":["https:\/\/www.keturist.sk\/info\/wp-content\/uploads\/2019\/06\/botanicka-z\u00e1hrada-ko\u0161ice1-619x600.jpg",619,600,false],"2048x2048":["https:\/\/www.keturist.sk\/info\/wp-content\/uploads\/2019\/06\/botanicka-z\u00e1hrada-ko\u0161ice1-619x600.jpg",619,600,false]},"uagb_author_info":{"display_name":"admin","author_link":"https:\/\/www.keturist.sk\/info\/author\/admin\/"},"uagb_comment_info":0,"uagb_excerpt":"Kedy je Botanick\u00e1 z\u00e1hrada UPJ\u0160 otvoren\u00e1 a kedy m\u00f4\u017eete nav\u0161t\u00edvi\u0165 jej unik\u00e1tne sklen\u00edky? Botanick\u00e1 z\u00e1hrada UPJ\u0160 v Ko\u0161iciach v\u00edta svojich n\u00e1v\u0161tevn\u00edkov ako najv\u00e4\u010d\u0161ia botanick\u00e1 z\u00e1hrada na Slovensku po\u010das cel\u00e9ho roka. [&hellip;]","_links":{"self":[{"href":"https:\/\/www.keturist.sk\/info\/wp-json\/wp\/v2\/posts\/55726","targetHints":{"allow":["GET"]}}],"collection":[{"href":"https:\/\/www.keturist.sk\/info\/wp-json\/wp\/v2\/posts"}],"about":[{"href":"https:\/\/www.keturist.sk\/info\/wp-json\/wp\/v2\/types\/post"}],"author":[{"embeddable":true,"href":"https:\/\/www.keturist.sk\/info\/wp-json\/wp\/v2\/users\/1"}],"replies":[{"embeddable":true,"href":"https:\/\/www.keturist.sk\/info\/wp-json\/wp\/v2\/comments?post=55726"}],"version-history":[{"count":14,"href":"https:\/\/www.keturist.sk\/info\/wp-json\/wp\/v2\/posts\/55726\/revisions"}],"predecessor-version":[{"id":74961,"href":"https:\/\/www.keturist.sk\/info\/wp-json\/wp\/v2\/posts\/55726\/revisions\/74961"}],"wp:featuredmedia":[{"embeddable":true,"href":"https:\/\/www.keturist.sk\/info\/wp-json\/wp\/v2\/media\/29787"}],"wp:attachment":[{"href":"https:\/\/www.keturist.sk\/info\/wp-json\/wp\/v2\/media?parent=55726"}],"wp:term":[{"taxonomy":"category","embeddable":true,"href":"https:\/\/www.keturist.sk\/info\/wp-json\/wp\/v2\/categories?post=55726"},{"taxonomy":"post_tag","embeddable":true,"href":"https:\/\/www.keturist.sk\/info\/wp-json\/wp\/v2\/tags?post=55726"}],"curies":[{"name":"wp","href":"https:\/\/api.w.org\/{rel}","templated":true}]}}